{"id":155236,"date":"2013-12-21T18:51:34","date_gmt":"2013-12-21T16:51:34","guid":{"rendered":"http:\/\/www.nationalturk.com\/?p=155236"},"modified":"2013-12-21T18:51:34","modified_gmt":"2013-12-21T16:51:34","slug":"bolivya-ilk-uydusu-cin-firlatildi-155236","status":"publish","type":"post","link":"https:\/\/www.nationalturk.com\/tr\/bolivya-ilk-uydusu-cin-firlatildi-155236\/","title":{"rendered":"Bolivya&#8217;n\u0131n ilk uydusu \u00c7in&#8217;den f\u0131rlat\u0131ld\u0131"},"content":{"rendered":"<h1><a href=\"http:\/\/www.nationalturk.com\/tr\/wp-content\/uploads\/2013\/12\/bolivya-uydusu-cin.jpeg\"><img loading=\"lazy\" decoding=\"async\" class=\"alignleft size-medium wp-image-155237\" alt=\"bolivya-uydusu-cin\" src=\"http:\/\/www.nationalturk.com\/tr\/wp-content\/uploads\/2013\/12\/bolivya-uydusu-cin-280x188.jpeg\" width=\"280\" height=\"188\" title=\"\" srcset=\"https:\/\/www.nationalturk.com\/tr\/wp-content\/uploads\/2013\/12\/bolivya-uydusu-cin-280x188.jpeg 280w, https:\/\/www.nationalturk.com\/tr\/wp-content\/uploads\/2013\/12\/bolivya-uydusu-cin.jpeg 478w\" sizes=\"auto, (max-width: 280px) 100vw, 280px\" \/><\/a>\u00c7in, Bolivya Cumhurba\u015fkan\u0131 Evo Morales&#8217;in \u00c7in ziyareti s\u0131ras\u0131nda Bolivya&#8217;n\u0131n ileti\u015fim uydusunu uzaya g\u00f6nderdi.<\/h1>\n<p>\u015einhua ajans\u0131n\u0131n haberine g\u00f6re, Bolivya ileti\u015fim uydusu, \u00c7in&#8217;in g\u00fcneybat\u0131s\u0131ndaki \u015ei\u00e7ang Uydu F\u0131rlatma Merkezi&#8217;nden Uzun Y\u00fcr\u00fcy\u00fc\u015f 3B tipi ta\u015f\u0131y\u0131c\u0131 roketlerle f\u0131rlat\u0131ld\u0131.<\/p>\n<p>\u00c7in Uzay Bilimleri ve Teknoloji Kurulu\u015fu taraf\u0131ndan geli\u015ftirilen uydunun f\u0131rlat\u0131lmas\u0131 s\u0131ras\u0131nda Bolivya Cumhurba\u015fkan\u0131 Morales de haz\u0131r bulundu. Bolivya&#8217;n\u0131n ilk ileti\u015fim uydusunun, e\u011fitim, sa\u011fl\u0131k hizmetleri ve radyo-televizyon gibi sahalarda yay\u0131n amac\u0131yla kullan\u0131laca\u011f\u0131 bildirildi.<\/p>\n<p><a href=\"http:\/\/www.wts.com.tr\/guney-amerika-turlari.htm\" target=\"_blank\" rel=\"noopener\">Bolivya<\/a> uydusunun, \u00c7in&#8217;in ba\u015fka \u00fclkeler i\u00e7in f\u0131rlatt\u0131\u011f\u0131 be\u015finci,<a href=\"http:\/\/www.wts.com.tr\/latin-amerika-turu.htm\" target=\"_blank\" rel=\"noopener\"> Latin Amerika<\/a> \u00fclkeleri i\u00e7in de ikinci ileti\u015fim uydusu oldu\u011fu kaydedildi. \u00c7in 2008 y\u0131l\u0131nda Venezuela i\u00e7in telekom\u00fcnikasyon uydusu f\u0131rlatm\u0131\u015ft\u0131. \u00c7in, bu ay\u0131n ba\u015f\u0131nda <a href=\"http:\/\/www.wts.com.tr\/brezilya.htm\" target=\"_blank\" rel=\"noopener\">Brezilya<\/a> ile ortak geli\u015ftirdi\u011fi y\u00fcksek \u00e7\u00f6z\u00fcn\u00fcrl\u00fckl\u00fc uzaktan alg\u0131lama uydusu &#8220;Ziy\u00fcen I-03&#8243;\u00fc f\u0131rlatm\u0131\u015f ancak uydu kalk\u0131\u015ftan sonra y\u00f6r\u00fcngeye girememi\u015fti.<\/p>\n<!-- Error, Advert is not available at this time due to schedule\/geolocation restrictions! -->\n","protected":false},"excerpt":{"rendered":"<p>\u00c7in, Bolivya Cumhurba\u015fkan\u0131 Evo Morales&#8217;in \u00c7in ziyareti s\u0131ras\u0131nda Bolivya&#8217;n\u0131n ileti\u015fim uydusunu uzaya g\u00f6nderdi.<\/p>\n","protected":false},"author":3,"featured_media":176154,"comment_status":"open","ping_status":"open","sticky":false,"template":"","format":"standard","meta":{"_acf_changed":false,"footnotes":""},"categories":[6769,6665,6771,6224],"tags":[8038,133850,1178,711,149416,48318,2011,149417],"class_list":["post-155236","post","type-post","status-publish","format-standard","has-post-thumbnail","hentry","category-asya","category-dunya","category-latin-amerika","category-teknoloji","tag-bolivya","tag-bolivya-cumhurbaskani-evo-morales","tag-brezilya","tag-cin","tag-cin-uydu","tag-evo-morales","tag-latin-amerika","tag-latin-amerika-ulkeleri"],"acf":[],"_links":{"self":[{"href":"https:\/\/www.nationalturk.com\/tr\/wp-json\/wp\/v2\/posts\/155236","targetHints":{"allow":["GET"]}}],"collection":[{"href":"https:\/\/www.nationalturk.com\/tr\/wp-json\/wp\/v2\/posts"}],"about":[{"href":"https:\/\/www.nationalturk.com\/tr\/wp-json\/wp\/v2\/types\/post"}],"author":[{"embeddable":true,"href":"https:\/\/www.nationalturk.com\/tr\/wp-json\/wp\/v2\/users\/3"}],"replies":[{"embeddable":true,"href":"https:\/\/www.nationalturk.com\/tr\/wp-json\/wp\/v2\/comments?post=155236"}],"version-history":[{"count":0,"href":"https:\/\/www.nationalturk.com\/tr\/wp-json\/wp\/v2\/posts\/155236\/revisions"}],"wp:featuredmedia":[{"embeddable":true,"href":"https:\/\/www.nationalturk.com\/tr\/wp-json\/wp\/v2\/media\/176154"}],"wp:attachment":[{"href":"https:\/\/www.nationalturk.com\/tr\/wp-json\/wp\/v2\/media?parent=155236"}],"wp:term":[{"taxonomy":"category","embeddable":true,"href":"https:\/\/www.nationalturk.com\/tr\/wp-json\/wp\/v2\/categories?post=155236"},{"taxonomy":"post_tag","embeddable":true,"href":"https:\/\/www.nationalturk.com\/tr\/wp-json\/wp\/v2\/tags?post=155236"}],"curies":[{"name":"wp","href":"https:\/\/api.w.org\/{rel}","templated":true}]}}