{"id":155352,"date":"2013-12-24T09:34:07","date_gmt":"2013-12-24T07:34:07","guid":{"rendered":"http:\/\/www.nationalturk.com\/?p=155352"},"modified":"2013-12-24T09:34:07","modified_gmt":"2013-12-24T07:34:07","slug":"ukrayna-eylemcilere-af-cikti-155352","status":"publish","type":"post","link":"https:\/\/www.nationalturk.com\/tr\/ukrayna-eylemcilere-af-cikti-155352\/","title":{"rendered":"Ukrayna&#8217;da eylemcilere af \u00e7\u0131kt\u0131"},"content":{"rendered":"<h1><a href=\"http:\/\/www.nationalturk.com\/tr\/wp-content\/uploads\/2013\/12\/ukrayna-hukumet-karsiti-gosteriler.jpg\"><img loading=\"lazy\" decoding=\"async\" class=\"alignleft size-medium wp-image-155353\" alt=\"ukrayna-hukumet-karsiti-gosteriler\" src=\"http:\/\/www.nationalturk.com\/tr\/wp-content\/uploads\/2013\/12\/ukrayna-hukumet-karsiti-gosteriler-280x189.jpg\" width=\"280\" height=\"189\" title=\"\" srcset=\"https:\/\/www.nationalturk.com\/tr\/wp-content\/uploads\/2013\/12\/ukrayna-hukumet-karsiti-gosteriler-280x189.jpg 280w, https:\/\/www.nationalturk.com\/tr\/wp-content\/uploads\/2013\/12\/ukrayna-hukumet-karsiti-gosteriler-589x400.jpg 589w, https:\/\/www.nationalturk.com\/tr\/wp-content\/uploads\/2013\/12\/ukrayna-hukumet-karsiti-gosteriler.jpg 625w\" sizes=\"auto, (max-width: 280px) 100vw, 280px\" \/><\/a>Ukrayna&#8217;n\u0131n ba\u015fkenti Kiev&#8217;deki h\u00fck\u00fcmet kar\u015f\u0131t\u0131 g\u00f6sterilerde tutuklanan t\u00fcm eylemcilerin serbest b\u0131rak\u0131laca\u011f\u0131 a\u00e7\u0131kland\u0131.<\/h1>\n<p>Devlet Ba\u015fkanl\u0131\u011f\u0131 bas\u0131n merkezinden yap\u0131lan a\u00e7\u0131klamada,Viktor\u00a0Yanukovi\u00e7\u2019in Kiev&#8217;deki bar\u0131\u015f\u00e7\u0131l g\u00f6steriler s\u0131ras\u0131nda tutuklanan g\u00f6stericilerin sal\u0131verilmesini \u00f6ng\u00f6ren yasay\u0131 onaylad\u0131\u011f\u0131 belirtildi.<\/p>\n<p>S\u00f6z konusu yasal d\u00fczenleme Ukrayna Parlamentosu Verhovna Rada&#8217;n\u0131n 19 Aral\u0131k&#8217;taki oturumunda 339 parlamenterin oyu ile kabul edilmi\u015fti.<\/p>\n<p>Parlamento Ba\u015fkan\u0131 Volodimir Rybak taraf\u0131ndan 20 Aral\u0131k&#8217;ta imzalanan d\u00fczenleme 21 Kas\u0131m&#8217;dan bu yana ger\u00e7ekle\u015fen g\u00f6sterilerde tutuklanan herkesin sal\u0131verilmesini \u00f6ng\u00f6r\u00fcyor.<\/p>\n<div class=\"a-single a-378\"><iframe style=\"width:610px; height:125px;\" name=\"610x90\" marginWidth=\"0\" frameSpacing=\"0\" marginHeight=\"0\" frameBorder=\"0\" scrolling=\"no\" target=\"_self\" src=\"http:\/\/www.ajansreklam.net\/reklam\/ukrayna-610x90.php\"><\/iframe><\/div>\n","protected":false},"excerpt":{"rendered":"<p>Ukrayna&#8217;n\u0131n ba\u015fkenti Kiev&#8217;deki h\u00fck\u00fcmet kar\u015f\u0131t\u0131 g\u00f6sterilerde tutuklanan t\u00fcm eylemcilerin serbest b\u0131rak\u0131laca\u011f\u0131 a\u00e7\u0131kland\u0131.<\/p>\n","protected":false},"author":3,"featured_media":176136,"comment_status":"open","ping_status":"open","sticky":false,"template":"","format":"standard","meta":{"_acf_changed":false,"footnotes":""},"categories":[6770,6665,6155,5005],"tags":[850,137107,95147,149562,148401,22634],"class_list":["post-155352","post","type-post","status-publish","format-standard","has-post-thumbnail","hentry","category-avrupa","category-dunya","category-gundem","category-manset","tag-ukrayna","tag-ukrayna-devlet-baskan-viktor-yanukovic","tag-ukrayna-eylem","tag-ukrayna-eylemcilere-af","tag-ukrayna-hukumet-karsiti-gosteriler","tag-viktor-yanukovic"],"acf":[],"_links":{"self":[{"href":"https:\/\/www.nationalturk.com\/tr\/wp-json\/wp\/v2\/posts\/155352","targetHints":{"allow":["GET"]}}],"collection":[{"href":"https:\/\/www.nationalturk.com\/tr\/wp-json\/wp\/v2\/posts"}],"about":[{"href":"https:\/\/www.nationalturk.com\/tr\/wp-json\/wp\/v2\/types\/post"}],"author":[{"embeddable":true,"href":"https:\/\/www.nationalturk.com\/tr\/wp-json\/wp\/v2\/users\/3"}],"replies":[{"embeddable":true,"href":"https:\/\/www.nationalturk.com\/tr\/wp-json\/wp\/v2\/comments?post=155352"}],"version-history":[{"count":0,"href":"https:\/\/www.nationalturk.com\/tr\/wp-json\/wp\/v2\/posts\/155352\/revisions"}],"wp:featuredmedia":[{"embeddable":true,"href":"https:\/\/www.nationalturk.com\/tr\/wp-json\/wp\/v2\/media\/176136"}],"wp:attachment":[{"href":"https:\/\/www.nationalturk.com\/tr\/wp-json\/wp\/v2\/media?parent=155352"}],"wp:term":[{"taxonomy":"category","embeddable":true,"href":"https:\/\/www.nationalturk.com\/tr\/wp-json\/wp\/v2\/categories?post=155352"},{"taxonomy":"post_tag","embeddable":true,"href":"https:\/\/www.nationalturk.com\/tr\/wp-json\/wp\/v2\/tags?post=155352"}],"curies":[{"name":"wp","href":"https:\/\/api.w.org\/{rel}","templated":true}]}}