{"id":155390,"date":"2013-12-24T15:13:25","date_gmt":"2013-12-24T13:13:25","guid":{"rendered":"http:\/\/www.nationalturk.com\/?p=155390"},"modified":"2024-09-08T18:18:56","modified_gmt":"2024-09-08T15:18:56","slug":"bdp-diyarbakir-adayi-gultan-kisanak-oldu-iste-bdpnin-kadin-adaylari-155390","status":"publish","type":"post","link":"https:\/\/www.nationalturk.com\/tr\/bdp-diyarbakir-adayi-gultan-kisanak-oldu-iste-bdpnin-kadin-adaylari-155390\/","title":{"rendered":"BDP Diyarbak\u0131r aday\u0131 G\u00fcltan K\u0131\u015fanak oldu \/ \u0130\u015fte BDP&#8217;n\u0131n kad\u0131n adaylar\u0131"},"content":{"rendered":"<p><img loading=\"lazy\" decoding=\"async\" class=\"alignnone size-full wp-image-155391\" alt=\"G\u00fcltan K\u0131\u015fanak\" src=\"http:\/\/www.nationalturk.com\/tr\/wp-content\/uploads\/2013\/12\/gultan_kisanak_diyarbakir_adayi.jpg\" width=\"610\" height=\"370\" title=\"\"><\/p>\n<h1>BDP Genel Merkezince se\u00e7ime girilecek baz\u0131 il ve il\u00e7elerin\u00a0kad\u0131n belediye ba\u015fkan adaylar\u0131 a\u00e7\u0131kland\u0131.\u00a0BDP Diyarbak\u0131r B\u00fcy\u00fck\u015fehir Belediye Ba\u015fkan aday\u0131 G\u00fcltan K\u0131\u015fanak, Hakkari Belediye Ba\u015fkan aday\u0131 da Dilek Hatipo\u011flu oldu.<\/h1>\n<p>BDP Genel Merkezince se\u00e7ime girilecek baz\u0131 il ve il\u00e7elerin kad\u0131n belediye ba\u015fkan adaylar\u0131 Diyarbak\u0131r&#8217;da tan\u0131t\u0131ld\u0131.<\/p>\n<p>BDP il binas\u0131nda d\u00fczenlenen bas\u0131n toplant\u0131s\u0131nda konu\u015fan BDP Kad\u0131n Meclisi S\u00f6zc\u00fcs\u00fc Pelin Y\u0131lmaz, BDP&#8217;nin Diyarbak\u0131r B\u00fcy\u00fck\u015fehir Belediye Ba\u015fkan aday\u0131n\u0131n G\u00fcltan K\u0131\u015fanak oldu\u011funu s\u00f6yledi.<\/p>\n<p>BDP&#8217;nin Hakkari Belediye Ba\u015fkan aday\u0131n\u0131n da Dilek Hatipo\u011flu oldu\u011funu belirten Y\u0131lmaz, b\u00f6lgedeki baz\u0131 il\u00e7elerdeki kad\u0131n adaylar\u0131 ile ilgili \u015funlar\u0131 kaydetti:<\/p>\n<p>&#8220;Diyarbak\u0131r&#8217;\u0131n Ba\u011flar il\u00e7esi Birsen Kaya, Silvan il\u00e7esi Y\u00fcksel Bodak\u00e7\u0131, Bismil il\u00e7esi Cemile Emino\u011flu, E\u011fil il\u00e7esi Petek \u00c7apano\u011flu, Lice il\u00e7esi Rezzan Zu\u011furlu, Hazro il\u00e7esi G\u00fcler Do\u011fu, Hakkari&#8217;nin Y\u00fcksekova il\u00e7esi Ruken Yeti\u015fkin, Van&#8217;\u0131n Erci\u015f il\u00e7esi Diba Ermi\u015fkeskin, \u00d6zalp il\u00e7esi Handan Ba\u011fc\u0131, Edremit il\u00e7esi Sevil \u00c7etin, \u0130pekyolu il\u00e7esi Ayg\u00fcl Bidav, A\u011fr\u0131&#8217;n\u0131n Diyadin il\u00e7esi Hazal Aras, Mu\u015f&#8217;un Bulan\u0131k il\u00e7esi Figen Ya\u015far, Varto il\u00e7esi Sabite Ekinci, Kars&#8217;\u0131n Selim il\u00e7esi Emel Say\u0131n, Sar\u0131kam\u0131\u015f il\u00e7esi Pervin Tombul, Mardin&#8217;in Nusaybin il\u00e7esi Sara Kaya, Darge\u00e7it il\u00e7esi Zeynep Sip\u00e7ik, Maz\u0131da\u011f\u0131 il\u00e7esi Reza Y\u0131ld\u0131r\u0131m, Derik il\u00e7esi Sabahat \u00c7etinkaya, Ye\u015filli il\u00e7esi Nil\u00fcfer Elik Y\u0131lmaz, \u015e\u0131rnak&#8217;\u0131n Silopi il\u00e7esi Emine Ak\u00e7a, Silopi il\u00e7esine ba\u011fl\u0131 Ba\u015fverimli beldesi Rabia Tekas, Uludure il\u00e7esi Zeynep \u00dcren, Beyt\u00fc\u015f\u015febap il\u00e7esi Seyran Argan, Tunceli&#8217;nin Mazgirt il\u00e7esi Meral G\u00fcndo\u011fan, \u015eanl\u0131urfa&#8217;n\u0131n Karak\u00f6pr\u00fc il\u00e7esi G\u00fclay Koca, Mersin&#8217;in Akdeniz il\u00e7esi Y\u00fcksel Mutlu.&#8221;<\/p>\n<p>BDP Genel Ba\u015fkan Yard\u0131mc\u0131s\u0131 ve Diyarbak\u0131r B\u00fcy\u00fck\u015fehir Belediye Ba\u015fkan aday\u0131 G\u00fcltan K\u0131\u015fanak, &#8220;Halk\u0131m\u0131zla \u00f6zg\u00fcr bir gelecek i\u00e7in m\u00fccadele edece\u011fiz&#8221; dedi.<\/p>\n<p>BDP Genel Merkezince se\u00e7ime girilecek baz\u0131 il ve il\u00e7elerin kad\u0131n belediye ba\u015fkan adaylar\u0131n\u0131n tan\u0131t\u0131lmas\u0131 amac\u0131yla BDP Diyarbak\u0131r il binas\u0131nda bas\u0131n toplant\u0131s\u0131 d\u00fczenlendi. K\u0131\u015fanak, burada yapt\u0131\u011f\u0131 konu\u015fmada, bug\u00fcn\u00fcn \u00f6nemli ve tarihi bir g\u00fcn oldu\u011funu belirterek, tarihin yaz\u0131lmas\u0131nda eme\u011fi ge\u00e7en kad\u0131nlara te\u015fekk\u00fcr etti\u011fini bildirdi.<\/p>\n<p>Kad\u0131nlar\u0131n \u00f6zg\u00fcrl\u00fck y\u00fcr\u00fcy\u00fc\u015f\u00fcnde ve demokratik m\u00fccadelesinde halk\u0131n kendileriyle oldu\u011funu kaydeden K\u0131\u015fanak, bu m\u00fccadeleyi ilerletmek i\u00e7in b\u00fcy\u00fck emek ve \u00e7aba sarf ettiklerini anlatt\u0131.<\/p>\n<p>K\u0131\u015fanak, \u015f\u00f6yle konu\u015ftu:<\/p>\n<p>&#8220;22 yerde kota uygulamas\u0131yla yola \u00e7\u0131kt\u0131k. Halk\u0131m\u0131z bize &#8216;e\u015fitlik i\u00e7in s\u00f6z vermi\u015ftiniz. Biz bunu bekliyoruz&#8217; dedi. 22 yerden, 32 yere \u00e7\u0131kt\u0131, ard\u0131ndan her yerde e\u015f ba\u015fkanl\u0131k sistemi getirildi. Bu K\u00fcrt halk\u0131n\u0131n K\u00fcrt kad\u0131nlar\u0131na duydu\u011fu g\u00fcvenin eseridir. Bizler de kad\u0131nlar olarak buna sahip \u00e7\u0131kaca\u011f\u0131z. Halk\u0131m\u0131zla \u00f6zg\u00fcr bir gelecek i\u00e7in m\u00fccadele edece\u011fiz. Kad\u0131nlara te\u015fekk\u00fcr ediyorum. \u0130nan\u0131lmaz bir \u00e7abayla, \u00f6zveriyle, gece g\u00fcnd\u00fcz demeden bu \u00e7al\u0131\u015fmay\u0131 \u00f6rg\u00fctlediler. Arkam\u0131zda \u00e7ok g\u00fc\u00e7l\u00fc bir kad\u0131n hareketi var. Demokratik \u00f6zg\u00fcr kad\u0131n hareketinin ba\u015far\u0131s\u0131d\u0131r bu. Adaylar\u0131m\u0131z\u0131n b\u00fcy\u00fck bir k\u0131sm\u0131 \u00f6n se\u00e7imlerle belirlendi. Yasal olarak bir zorunluluk olmad\u0131\u011f\u0131 halde \u00f6n se\u00e7ime gittik. S\u00f6yleyecek \u00e7ok s\u00f6z\u00fcm\u00fcz, yapacak \u00e7ok i\u015fimiz var. \u00c7ok yo\u011fun bir \u00e7al\u0131\u015fma i\u00e7erisine giriyoruz.&#8221;<\/p>\n<p>K\u0131\u015fanak, K\u00fcrt\u00e7e, &#8220;Bundan sonra kad\u0131n, ya\u015fam, Diyarbak\u0131r diyece\u011fiz&#8221; ifadelerini kulland\u0131.<\/p>\n<p>BDP Kad\u0131n Meclisi S\u00f6zc\u00fcs\u00fc Pelin Y\u0131lmaz da uygulad\u0131klar\u0131 kota sistemini yak\u0131n d\u00f6nemde e\u015fit temsiliyet karar\u0131 ile a\u015ft\u0131klar\u0131n\u0131 anlatarak, ya\u015fam\u0131n her alan\u0131nda partilerde, yerel y\u00f6netimlerde, b\u00fct\u00fcn politik alanlarda kad\u0131n\u0131n da erkekle e\u015fit temsiliyetini esas alan yakla\u015f\u0131m ger\u00e7ekle\u015ftirdiklerini s\u00f6yledi.<\/p>\n<p>Se\u00e7ime girdikleri her yerde e\u015f ba\u015fkanl\u0131k sistemini uygulayacaklar\u0131n\u0131 dile getiren Y\u0131lmaz, bunun i\u00e7in Diyarbak\u0131r, Mardin ve \u015e\u0131rnak&#8217;\u0131 pilot il olarak belirlediklerini, bu illeri kad\u0131n kenti olarak ilan ettiklerini kaydetti.<\/p>\n<p>Toplant\u0131da, BDP&#8217;nin Diyarbak\u0131r ve Hakkari merkez ile il\u00e7elerin belediye ba\u015fkan\u0131 adaylar\u0131 ile e\u015f ba\u015fkan adaylar\u0131 tan\u0131t\u0131ld\u0131. Diyarbak\u0131r&#8217;\u0131n Lice il\u00e7esinde aday olan 25 ya\u015f\u0131ndaki Rezzan Zu\u011furlu&#8217;nun T\u00fcrkiye&#8217;nin en gen\u00e7 belediye ba\u015fkan\u0131 aday\u0131 oldu\u011fu bildirildi.<\/p>\n<p>Kad\u0131n adaylar\u0131n b\u00fcy\u00fck \u00e7o\u011funlu\u011funun y\u00f6resel k\u0131yafet giydi\u011fi g\u00f6r\u00fcl\u00fcrken, baz\u0131 e\u015fba\u015fkan adaylar\u0131n\u0131n ise ba\u015f\u00f6rt\u00fcl\u00fc oldu\u011fu dikkati \u00e7ekti.<\/p>\n<p>Toplant\u0131ya BDP Batman Milletvekili Ayla Akat Ata ve Diyarbak\u0131r Milletvekili Nursel Aydo\u011fan ile \u00e7ok say\u0131da kad\u0131n kat\u0131ld\u0131.<\/p>\n<!-- Error, Advert is not available at this time due to schedule\/geolocation restrictions! -->\n","protected":false},"excerpt":{"rendered":"<p>BDP Genel Merkezince se\u00e7ime girilecek baz\u0131 il ve il\u00e7elerin kad\u0131n belediye ba\u015fkan adaylar\u0131 a\u00e7\u0131kland\u0131. BDP Diyarbak\u0131r B\u00fcy\u00fck\u015fehir Belediye Ba\u015fkan aday\u0131 G\u00fcltan K\u0131\u015fanak, Hakkari Belediye Ba\u015fkan aday\u0131 da Dilek Hatipo\u011flu oldu.<\/p>\n","protected":false},"author":4,"featured_media":155391,"comment_status":"open","ping_status":"open","sticky":false,"template":"","format":"standard","meta":{"_acf_changed":false,"footnotes":""},"categories":[6155,5005,6202,6805],"tags":[11498,66716,1470,14971,149613],"class_list":["post-155390","post","type-post","status-publish","format-standard","has-post-thumbnail","hentry","category-gundem","category-manset","category-politika","category-turkiye","tag-bdp","tag-bdp-adaylari","tag-diyarbakir","tag-gultan-kisanak","tag-gultan-kisanak-diyarbakir"],"acf":[],"_links":{"self":[{"href":"https:\/\/www.nationalturk.com\/tr\/wp-json\/wp\/v2\/posts\/155390","targetHints":{"allow":["GET"]}}],"collection":[{"href":"https:\/\/www.nationalturk.com\/tr\/wp-json\/wp\/v2\/posts"}],"about":[{"href":"https:\/\/www.nationalturk.com\/tr\/wp-json\/wp\/v2\/types\/post"}],"author":[{"embeddable":true,"href":"https:\/\/www.nationalturk.com\/tr\/wp-json\/wp\/v2\/users\/4"}],"replies":[{"embeddable":true,"href":"https:\/\/www.nationalturk.com\/tr\/wp-json\/wp\/v2\/comments?post=155390"}],"version-history":[{"count":0,"href":"https:\/\/www.nationalturk.com\/tr\/wp-json\/wp\/v2\/posts\/155390\/revisions"}],"wp:featuredmedia":[{"embeddable":true,"href":"https:\/\/www.nationalturk.com\/tr\/wp-json\/wp\/v2\/media\/155391"}],"wp:attachment":[{"href":"https:\/\/www.nationalturk.com\/tr\/wp-json\/wp\/v2\/media?parent=155390"}],"wp:term":[{"taxonomy":"category","embeddable":true,"href":"https:\/\/www.nationalturk.com\/tr\/wp-json\/wp\/v2\/categories?post=155390"},{"taxonomy":"post_tag","embeddable":true,"href":"https:\/\/www.nationalturk.com\/tr\/wp-json\/wp\/v2\/tags?post=155390"}],"curies":[{"name":"wp","href":"https:\/\/api.w.org\/{rel}","templated":true}]}}