{"id":155471,"date":"2013-12-25T13:37:09","date_gmt":"2013-12-25T11:37:09","guid":{"rendered":"http:\/\/www.nationalturk.com\/?p=155471"},"modified":"2013-12-25T13:38:24","modified_gmt":"2013-12-25T11:38:24","slug":"felipe-melo-neymari-solladi","status":"publish","type":"post","link":"https:\/\/www.nationalturk.com\/tr\/felipe-melo-neymari-solladi\/","title":{"rendered":"Felipe Melo, Neymar&#8217;\u0131 sollad\u0131"},"content":{"rendered":"<h1><a href=\"http:\/\/www.nationalturk.com\/tr\/wp-content\/uploads\/2013\/12\/Felipe-Melo-brezilya.jpg\"><img loading=\"lazy\" decoding=\"async\" class=\"aligncenter size-large wp-image-155472\" alt=\"Felipe-Melo-brezilya\" src=\"http:\/\/www.nationalturk.com\/tr\/wp-content\/uploads\/2013\/12\/Felipe-Melo-brezilya-610x305.jpg\" width=\"610\" height=\"305\" title=\"\" srcset=\"https:\/\/www.nationalturk.com\/tr\/wp-content\/uploads\/2013\/12\/Felipe-Melo-brezilya-610x305.jpg 610w, https:\/\/www.nationalturk.com\/tr\/wp-content\/uploads\/2013\/12\/Felipe-Melo-brezilya-280x140.jpg 280w, https:\/\/www.nationalturk.com\/tr\/wp-content\/uploads\/2013\/12\/Felipe-Melo-brezilya.jpg 640w\" sizes=\"auto, (max-width: 610px) 100vw, 610px\" \/><\/a>Brezilya&#8217;da sezonun en iyi oyuncusuna verilen 2013 Samba Gold \u00d6d\u00fcl\u00fc&#8217;n\u00fcn adaylar\u0131 aras\u0131nda, Galatasaray&#8217;dan Felipe Melo da bulunuyor.<\/h1>\n<p>Bu y\u0131l alt\u0131nc\u0131s\u0131 d\u00fczenlenecek \u00f6d\u00fcl t\u00f6reninde en iyi oyuncunun belirlenmesi i\u00e7in internet kullan\u0131c\u0131lar\u0131, Brezilya Milli Tak\u0131m\u0131&#8217;nda g\u00f6rev alm\u0131\u015f 11 eski futbolcu ile<a href=\"http:\/\/www.wts.com.tr\/brezilya.htm\" target=\"_blank\" rel=\"noopener\"> Brezilya<\/a> ve Avrupa bas\u0131n\u0131ndan 11 gazeteci oy kullan\u0131yor.<\/p>\n<p>Organizasyonun internet sitesinde yer alan bilgiye g\u00f6re, Brezilya&#8217;da en iyi oyuncu \u00f6d\u00fcl\u00fcne aday olmak i\u00e7in, ayn\u0131 tak\u0131mda bir sezon oynamak ve sadece Brezilya vatanda\u015f\u0131 olmak gibi kurallar bulunuyor. Bu nedenle listede <a href=\"http:\/\/www.wts.com.tr\/barcelona-maclari-ispanya-ligi.htm\" target=\"_blank\" rel=\"noopener\">Barcelona<\/a>&#8216;da bir sezonu tamamlayamayan Neymar, \u0130spanya Milli Tak\u0131m\u0131&#8217;nda oynamay\u0131 tercih eden Diego Costa gibi oyuncular yer alm\u0131yor.<\/p>\n<p>Galatasaray formas\u0131 giyen Felipe Melo da 2013&#8217;\u00fcn en iyi oyuncu adaylar\u0131 aras\u0131nda g\u00f6steriliyor. Aral\u0131k ay\u0131 boyunca &#8220;www.sambafoot.com&#8221;adl\u0131 internet adresinden devam edecek oylaman\u0131n 30 ki\u015filik aday listesinde ise \u015f\u00f6yle:<\/p>\n<p>Dante (Bayern M\u00fcnih), Luiz Gustavo (Wolfsburg), Roberto Firmino (Hoffenheim), David Luiz (Chelsea), Fernandinho (Manchester City), Lucas Leiva (Liverpool), Oscar (Chelsea), Philippe Coutinho (Liverpool), Rafael (Manchester United), Ramires (Chelsea), Adriano (Barcelona), Daniel Alves (Barcelona), Filipe Luis (Atletico Madrid), Marcelo (Real Madrid), Miranda (Atletico Madrid), Alex (PSG), Brandao (Saint-Etienne), Lucas (PSG), Marquinhos (PSG), Maxwell (PSG), Thiago Silva (PSG), Hernanes (Lazio), Maicon (Roma), Fernando (Porto), Lima (Benfica), Hulk (Zenit), Felipe Melo (Galatasaray), Alex Teixeira (Shakhtar Donetsk), Douglas Costa (Shakhtar Donetsk), Luiz Adriano (Shakhtar Donetsk).<\/p>\n<!-- Error, Advert is not available at this time due to schedule\/geolocation restrictions! -->\n","protected":false},"excerpt":{"rendered":"<p>Brezilya&#8217;da sezonun en iyi oyuncusuna verilen 2013 Samba Gold \u00d6d\u00fcl\u00fc&#8217;n\u00fcn adaylar\u0131 aras\u0131nda, Galatasaray&#8217;dan Felipe Melo da bulunuyor.<\/p>\n","protected":false},"author":3,"featured_media":176114,"comment_status":"open","ping_status":"open","sticky":false,"template":"","format":"standard","meta":{"_acf_changed":false,"footnotes":""},"categories":[6774,5005,6194],"tags":[1178,3293,31048,75767,4114,69597,69607],"class_list":["post-155471","post","type-post","status-publish","format-standard","has-post-thumbnail","hentry","category-futbol","category-manset","category-spor","tag-brezilya","tag-brezilyali-futbolcular","tag-felipe-melo","tag-felipe-melo-galatasaray","tag-galatasaray","tag-neymar","tag-neymar-barcelona"],"acf":[],"_links":{"self":[{"href":"https:\/\/www.nationalturk.com\/tr\/wp-json\/wp\/v2\/posts\/155471","targetHints":{"allow":["GET"]}}],"collection":[{"href":"https:\/\/www.nationalturk.com\/tr\/wp-json\/wp\/v2\/posts"}],"about":[{"href":"https:\/\/www.nationalturk.com\/tr\/wp-json\/wp\/v2\/types\/post"}],"author":[{"embeddable":true,"href":"https:\/\/www.nationalturk.com\/tr\/wp-json\/wp\/v2\/users\/3"}],"replies":[{"embeddable":true,"href":"https:\/\/www.nationalturk.com\/tr\/wp-json\/wp\/v2\/comments?post=155471"}],"version-history":[{"count":0,"href":"https:\/\/www.nationalturk.com\/tr\/wp-json\/wp\/v2\/posts\/155471\/revisions"}],"wp:featuredmedia":[{"embeddable":true,"href":"https:\/\/www.nationalturk.com\/tr\/wp-json\/wp\/v2\/media\/176114"}],"wp:attachment":[{"href":"https:\/\/www.nationalturk.com\/tr\/wp-json\/wp\/v2\/media?parent=155471"}],"wp:term":[{"taxonomy":"category","embeddable":true,"href":"https:\/\/www.nationalturk.com\/tr\/wp-json\/wp\/v2\/categories?post=155471"},{"taxonomy":"post_tag","embeddable":true,"href":"https:\/\/www.nationalturk.com\/tr\/wp-json\/wp\/v2\/tags?post=155471"}],"curies":[{"name":"wp","href":"https:\/\/api.w.org\/{rel}","templated":true}]}}