{"id":155692,"date":"2013-12-28T11:32:04","date_gmt":"2013-12-28T09:32:04","guid":{"rendered":"http:\/\/www.nationalturk.com\/?p=155692"},"modified":"2013-12-28T11:50:37","modified_gmt":"2013-12-28T09:50:37","slug":"isci-servisi-kaza-155692","status":"publish","type":"post","link":"https:\/\/www.nationalturk.com\/tr\/isci-servisi-kaza-155692\/","title":{"rendered":"\u0130\u015f\u00e7i servisi kaza yapt\u0131: 8 \u00f6l\u00fc"},"content":{"rendered":"<h1><a href=\"http:\/\/www.nationalturk.com\/tr\/wp-content\/uploads\/2013\/12\/alanya-kaza.jpg\"><img loading=\"lazy\" decoding=\"async\" class=\"alignleft size-medium wp-image-155693\" alt=\"alanya-kaza\" src=\"http:\/\/www.nationalturk.com\/tr\/wp-content\/uploads\/2013\/12\/alanya-kaza-280x189.jpg\" width=\"280\" height=\"189\" title=\"\" srcset=\"https:\/\/www.nationalturk.com\/tr\/wp-content\/uploads\/2013\/12\/alanya-kaza-280x189.jpg 280w, https:\/\/www.nationalturk.com\/tr\/wp-content\/uploads\/2013\/12\/alanya-kaza-589x400.jpg 589w, https:\/\/www.nationalturk.com\/tr\/wp-content\/uploads\/2013\/12\/alanya-kaza.jpg 625w\" sizes=\"auto, (max-width: 280px) 100vw, 280px\" \/><\/a>Alanya&#8217;da i\u015f\u00e7ileri ta\u015f\u0131yan servis minib\u00fcs\u00fcn\u00fcn g\u00f6lete yuvarlanmas\u0131 sonucu ilk belirlemelere g\u00f6re 8 ki\u015fi \u00f6ld\u00fc, 5 ki\u015fi yaraland\u0131.<\/h1>\n<p>Jandarma yetkililerinden edinilen bilgiye g\u00f6re, Alanya-Sar\u0131veliler karayolu \u00c7ay\u0131raras\u0131 G\u00f6letler mevkisinde baraj in\u015faat\u0131nda \u00e7al\u0131\u015fan i\u015f\u00e7ileri ta\u015f\u0131yan servis minib\u00fcs\u00fc g\u00f6lete yuvarland\u0131.<\/p>\n<p>G\u00f6letin yakla\u015f\u0131k 10 metre olan derinli\u011fi, kapaklar\u0131n a\u00e7\u0131lmas\u0131n\u0131n ard\u0131ndan 1,5 metreye d\u00fc\u015f\u00fcr\u00fcld\u00fc. Kazada ilk belirlemelere g\u00f6re 8 ki\u015fi \u00f6ld\u00fc, 5 ki\u015fi yaraland\u0131.<\/p>\n<p>Kazan\u0131n ard\u0131ndan \u00e7ok say\u0131da itfaiye, sa\u011fl\u0131k ve jandarma ekibi olay yerine sevk edildi.<\/p>\n<!-- Error, Advert is not available at this time due to schedule\/geolocation restrictions! -->\n","protected":false},"excerpt":{"rendered":"<p>Alanya&#8217;da i\u015f\u00e7ileri ta\u015f\u0131yan servis minib\u00fcs\u00fcn\u00fcn g\u00f6lete yuvarlanmas\u0131 sonucu ilk belirlemelere g\u00f6re 8 ki\u015fi \u00f6ld\u00fc, 5 ki\u015fi yaraland\u0131.<\/p>\n","protected":false},"author":3,"featured_media":176076,"comment_status":"open","ping_status":"open","sticky":false,"template":"","format":"standard","meta":{"_acf_changed":false,"footnotes":""},"categories":[6155,6805],"tags":[700,116930,8997,730,3324,4100,43087,20401],"class_list":["post-155692","post","type-post","status-publish","format-standard","has-post-thumbnail","hentry","category-gundem","category-turkiye","tag-alanya","tag-alanya-kaza","tag-alanya-trafik-kazasi","tag-antalya","tag-antalya-alanya","tag-antalya-kaza","tag-antalya-trafik-kazasi","tag-trafik-kazasi"],"acf":[],"_links":{"self":[{"href":"https:\/\/www.nationalturk.com\/tr\/wp-json\/wp\/v2\/posts\/155692","targetHints":{"allow":["GET"]}}],"collection":[{"href":"https:\/\/www.nationalturk.com\/tr\/wp-json\/wp\/v2\/posts"}],"about":[{"href":"https:\/\/www.nationalturk.com\/tr\/wp-json\/wp\/v2\/types\/post"}],"author":[{"embeddable":true,"href":"https:\/\/www.nationalturk.com\/tr\/wp-json\/wp\/v2\/users\/3"}],"replies":[{"embeddable":true,"href":"https:\/\/www.nationalturk.com\/tr\/wp-json\/wp\/v2\/comments?post=155692"}],"version-history":[{"count":0,"href":"https:\/\/www.nationalturk.com\/tr\/wp-json\/wp\/v2\/posts\/155692\/revisions"}],"wp:featuredmedia":[{"embeddable":true,"href":"https:\/\/www.nationalturk.com\/tr\/wp-json\/wp\/v2\/media\/176076"}],"wp:attachment":[{"href":"https:\/\/www.nationalturk.com\/tr\/wp-json\/wp\/v2\/media?parent=155692"}],"wp:term":[{"taxonomy":"category","embeddable":true,"href":"https:\/\/www.nationalturk.com\/tr\/wp-json\/wp\/v2\/categories?post=155692"},{"taxonomy":"post_tag","embeddable":true,"href":"https:\/\/www.nationalturk.com\/tr\/wp-json\/wp\/v2\/tags?post=155692"}],"curies":[{"name":"wp","href":"https:\/\/api.w.org\/{rel}","templated":true}]}}