{"id":155794,"date":"2013-12-30T15:37:25","date_gmt":"2013-12-30T13:37:25","guid":{"rendered":"http:\/\/www.nationalturk.com\/?p=155794"},"modified":"2013-12-30T15:37:25","modified_gmt":"2013-12-30T13:37:25","slug":"rtuk-dan-ugur-dundar-a-sok-ceza-155794","status":"publish","type":"post","link":"https:\/\/www.nationalturk.com\/tr\/rtuk-dan-ugur-dundar-a-sok-ceza-155794\/","title":{"rendered":"RT\u00dcK&#8217;dan U\u011fur D\u00fcndar&#8217;a \u015fok ceza!.."},"content":{"rendered":"<h1><a href=\"http:\/\/www.nationalturk.com\/tr\/wp-content\/uploads\/2013\/12\/rtuk-dan-ugur-dundar-a-sok-ceza-nationalturk1.jpg\"><img loading=\"lazy\" decoding=\"async\" class=\"alignnone size-full wp-image-155795\" alt=\"rtuk-dan-ugur-dundar-a-sok-ceza-nationalturk1\" src=\"http:\/\/www.nationalturk.com\/tr\/wp-content\/uploads\/2013\/12\/rtuk-dan-ugur-dundar-a-sok-ceza-nationalturk1.jpg\" width=\"620\" height=\"300\" title=\"\" srcset=\"https:\/\/www.nationalturk.com\/tr\/wp-content\/uploads\/2013\/12\/rtuk-dan-ugur-dundar-a-sok-ceza-nationalturk1.jpg 620w, https:\/\/www.nationalturk.com\/tr\/wp-content\/uploads\/2013\/12\/rtuk-dan-ugur-dundar-a-sok-ceza-nationalturk1-280x135.jpg 280w, https:\/\/www.nationalturk.com\/tr\/wp-content\/uploads\/2013\/12\/rtuk-dan-ugur-dundar-a-sok-ceza-nationalturk1-610x295.jpg 610w\" sizes=\"auto, (max-width: 620px) 100vw, 620px\" \/><\/a><\/h1>\n<h1>RT\u00dcK&#8217;dan U\u011fur D\u00fcndar&#8217;a \u015fok ceza!..\u00a0U\u011fur D\u00fcndar&#8217;\u0131n program\u0131ndaki &#8216;Bakanlar \u00e7ocukken ant i\u00e7ti mi? &#8216; ba\u015fl\u0131kl\u0131 reklam nedeniyle, 11 bin lira ceza verildi.<\/h1>\n<p>RT\u00dcK, &#8216;And\u0131m\u0131z\u0131 kald\u0131ran Bakanlar, \u00e7ocukken ant i\u00e7ti mi?&#8217; ba\u015fl\u0131kl\u0131 reklam yay\u0131nlayan Halk TV&#8217;ye, 11 bin lira ceza verdi. And\u0131m\u0131z&#8217;\u0131n okullardan kald\u0131r\u0131lmas\u0131 tart\u0131\u015fmalar\u0131 s\u0131ras\u0131nda, S\u00f6zc\u00fc Gazetesi taraf\u0131ndan Halk TV&#8217;ye verilen bu reklam\u0131n, yasadaki yay\u0131n ilkelerine ayk\u0131r\u0131 oldu\u011fu savunuldu.<\/p>\n<p>Gazeteport&#8217;un haberine g\u00f6re, RT\u00dcK toplant\u0131s\u0131nda, 3 Ekim g\u00fcn\u00fc Halk TV&#8217;de yay\u0131nlanan ve sunuculu\u011funu U\u011fur D\u00fcndar&#8217;\u0131n yapt\u0131\u011f\u0131 &#8220;Halk Arenas\u0131&#8221; adl\u0131 program de\u011ferlendirildi. Program s\u0131ras\u0131nda ekran\u0131n alt\u0131nda S\u00f6zc\u00fc Gazetesi&#8217;ne ait bir bant reklam yay\u0131nland\u0131. 36 saniye s\u00fcren reklamda, &#8216;And\u0131m\u0131z\u0131 kald\u0131ran bakanlar, \u00e7ocukken ant i\u00e7ti mi ? Yar\u0131n S\u00f6zc\u00fc&#8217;de&#8217; ifadesi yer ald\u0131.<\/p>\n<p>RT\u00dcK raporunda, bu ifadelerin reklam oldu\u011funu g\u00f6steren uyar\u0131c\u0131 bir ibareye yer verilmedi\u011fi ve yasaya ayk\u0131r\u0131 oldu\u011fu vurguland\u0131. RT\u00dcK \u00fcyeleri de yasada yer alan &#8216; Reklamlar, sesli ya da g\u00f6r\u00fcnt\u00fcl\u00fc bir uyar\u0131yla a\u00e7\u0131k\u00e7a fark edilebilecek bi\u00e7imde d\u00fczenlenir\u201d h\u00fckm\u00fcne ayk\u0131r\u0131l\u0131k nedeniyle, Halk TV&#8217;ye 11 bin 886 lira ceza verdi.<\/p>\n<!-- Error, Advert is not available at this time due to schedule\/geolocation restrictions! -->\n","protected":false},"excerpt":{"rendered":"<p>RT\u00dcK&#8217;dan U\u011fur D\u00fcndar&#8217;a \u015fok ceza!.. U\u011fur D\u00fcndar&#8217;\u0131n program\u0131ndaki &#8216;Bakanlar \u00e7ocukken ant i\u00e7ti mi? &#8216; ba\u015fl\u0131kl\u0131 reklam nedeniyle, 11 bin lira ceza verildi.<\/p>\n","protected":false},"author":28,"featured_media":155795,"comment_status":"open","ping_status":"open","sticky":false,"template":"","format":"standard","meta":{"_acf_changed":false,"footnotes":""},"categories":[6155,6667,6202],"tags":[142916,74705,78432,70230,999,23331,15532],"class_list":["post-155794","post","type-post","status-publish","format-standard","has-post-thumbnail","hentry","category-gundem","category-medya","category-politika","tag-andimiz","tag-bakanlar","tag-gazeteport","tag-halk-tv","tag-rtuk","tag-sozcu-gazetesi","tag-ugur-dundar"],"acf":[],"_links":{"self":[{"href":"https:\/\/www.nationalturk.com\/tr\/wp-json\/wp\/v2\/posts\/155794","targetHints":{"allow":["GET"]}}],"collection":[{"href":"https:\/\/www.nationalturk.com\/tr\/wp-json\/wp\/v2\/posts"}],"about":[{"href":"https:\/\/www.nationalturk.com\/tr\/wp-json\/wp\/v2\/types\/post"}],"author":[{"embeddable":true,"href":"https:\/\/www.nationalturk.com\/tr\/wp-json\/wp\/v2\/users\/28"}],"replies":[{"embeddable":true,"href":"https:\/\/www.nationalturk.com\/tr\/wp-json\/wp\/v2\/comments?post=155794"}],"version-history":[{"count":0,"href":"https:\/\/www.nationalturk.com\/tr\/wp-json\/wp\/v2\/posts\/155794\/revisions"}],"wp:featuredmedia":[{"embeddable":true,"href":"https:\/\/www.nationalturk.com\/tr\/wp-json\/wp\/v2\/media\/155795"}],"wp:attachment":[{"href":"https:\/\/www.nationalturk.com\/tr\/wp-json\/wp\/v2\/media?parent=155794"}],"wp:term":[{"taxonomy":"category","embeddable":true,"href":"https:\/\/www.nationalturk.com\/tr\/wp-json\/wp\/v2\/categories?post=155794"},{"taxonomy":"post_tag","embeddable":true,"href":"https:\/\/www.nationalturk.com\/tr\/wp-json\/wp\/v2\/tags?post=155794"}],"curies":[{"name":"wp","href":"https:\/\/api.w.org\/{rel}","templated":true}]}}