{"id":156379,"date":"2014-01-07T15:07:02","date_gmt":"2014-01-07T13:07:02","guid":{"rendered":"http:\/\/www.nationalturk.com\/?p=156379"},"modified":"2014-01-07T15:07:02","modified_gmt":"2014-01-07T13:07:02","slug":"sakatliktan-kurtulan-messi-formasina-kavusuyor-156379","status":"publish","type":"post","link":"https:\/\/www.nationalturk.com\/tr\/sakatliktan-kurtulan-messi-formasina-kavusuyor-156379\/","title":{"rendered":"Sakatl\u0131ktan kurtulan Messi formas\u0131na kavu\u015fuyor"},"content":{"rendered":"<h1><img loading=\"lazy\" decoding=\"async\" class=\"alignleft size-medium wp-image-156380\" alt=\"Messi \" src=\"http:\/\/www.nationalturk.com\/tr\/wp-content\/uploads\/2014\/01\/messi_pepe-280x220.jpg\" width=\"280\" height=\"220\" title=\"\" srcset=\"https:\/\/www.nationalturk.com\/tr\/wp-content\/uploads\/2014\/01\/messi_pepe-280x220.jpg 280w, https:\/\/www.nationalturk.com\/tr\/wp-content\/uploads\/2014\/01\/messi_pepe-508x400.jpg 508w, https:\/\/www.nationalturk.com\/tr\/wp-content\/uploads\/2014\/01\/messi_pepe.jpg 600w\" sizes=\"auto, (max-width: 280px) 100vw, 280px\" \/><\/h1>\n<h1>Sakatl\u0131\u011f\u0131 nedeniyle 2 ayd\u0131r ye\u015fil sahalardan uzak kalan Arjantinli y\u0131ld\u0131z Lionel Messi \u0130spanya Kral Kupas\u0131&#8217;nda yar\u0131n Getafe ile oynanacak ma\u00e7ta forma giyecek ve hasret kald\u0131\u011f\u0131 Barcelona formas\u0131na kavu\u015facak.<\/h1>\n<p>\u0130spanya La Liga tak\u0131mlar\u0131ndan Barcelona, baca\u011f\u0131ndaki sakatl\u0131k nedeniyle yakla\u015f\u0131k 2 ayd\u0131r futboldan uzak kalan Arjantinli forveti Lionel Messi&#8217;nin, yar\u0131n Getafe ile oynanacak \u0130spanya Kral Kupas\u0131 ma\u00e7\u0131n\u0131n 18 ki\u015filik kadrosunda yer ald\u0131\u011f\u0131n\u0131 a\u00e7\u0131klad\u0131. Barcelona&#8217;n\u0131n internet sitesinden yap\u0131lan a\u00e7\u0131klamada Teknik Direkt\u00f6r\u00a0Gerardo Martino&#8217;nun, La Liga&#8217;n\u0131n 13. haftas\u0131nda oynad\u0131klar\u0131 Real Betis ma\u00e7\u0131nda sol baca\u011f\u0131ndan sakatlanan Messi&#8217;yi, yar\u0131n Getafe&#8217;yi konuk edecekleri \u0130spanya Kral Kupas\u0131&#8217;n\u0131n son 16 turu ma\u00e7\u0131n\u0131n 18 ki\u015filik kadrosuna ald\u0131\u011f\u0131 bildirildi.<\/p>\n<p>Barcelona&#8217;da Xavi, Dani Alves ve Marc Bartra ise kadroya al\u0131nmad\u0131.<\/p>\n<div class=\"a-single a-157\"><!-- nationalturk.com Bali 610x90 -->\r\n<ins data-revive-zoneid=\"412\" data-revive-ct0=\"{clickurl_enc}\" data-revive-id=\"2093837923c3e243d9d78d731533cba1\"><\/ins>\r\n<script async src=\"\/\/www.hot-affiliates.com\/ad\/www\/delivery\/asyncjs.php\"><\/script><\/div>\n","protected":false},"excerpt":{"rendered":"<p>Sakatl\u0131\u011f\u0131 nedeniyle 2 ayd\u0131r ye\u015fil sahalardan uzak kalan Arjantinli y\u0131ld\u0131z Lionel Messi \u0130spanya Kral Kupas\u0131&#8217;nda yar\u0131n Getafe ile oynanacak ma\u00e7ta forma giyecek ve hasret kald\u0131\u011f\u0131 Barcelona formas\u0131na kavu\u015facak.<\/p>\n","protected":false},"author":4,"featured_media":175971,"comment_status":"open","ping_status":"open","sticky":false,"template":"","format":"standard","meta":{"_acf_changed":false,"footnotes":""},"categories":[6774,5005,6194],"tags":[1038,65119,15,57534,60919,21033,20555],"class_list":["post-156379","post","type-post","status-publish","format-standard","has-post-thumbnail","hentry","category-futbol","category-manset","category-spor","tag-barcelona","tag-barcelona-getafe","tag-ispanya","tag-ispanya-kral-kupasi","tag-kral-kupasi","tag-la-liga","tag-messi"],"acf":[],"_links":{"self":[{"href":"https:\/\/www.nationalturk.com\/tr\/wp-json\/wp\/v2\/posts\/156379","targetHints":{"allow":["GET"]}}],"collection":[{"href":"https:\/\/www.nationalturk.com\/tr\/wp-json\/wp\/v2\/posts"}],"about":[{"href":"https:\/\/www.nationalturk.com\/tr\/wp-json\/wp\/v2\/types\/post"}],"author":[{"embeddable":true,"href":"https:\/\/www.nationalturk.com\/tr\/wp-json\/wp\/v2\/users\/4"}],"replies":[{"embeddable":true,"href":"https:\/\/www.nationalturk.com\/tr\/wp-json\/wp\/v2\/comments?post=156379"}],"version-history":[{"count":0,"href":"https:\/\/www.nationalturk.com\/tr\/wp-json\/wp\/v2\/posts\/156379\/revisions"}],"wp:featuredmedia":[{"embeddable":true,"href":"https:\/\/www.nationalturk.com\/tr\/wp-json\/wp\/v2\/media\/175971"}],"wp:attachment":[{"href":"https:\/\/www.nationalturk.com\/tr\/wp-json\/wp\/v2\/media?parent=156379"}],"wp:term":[{"taxonomy":"category","embeddable":true,"href":"https:\/\/www.nationalturk.com\/tr\/wp-json\/wp\/v2\/categories?post=156379"},{"taxonomy":"post_tag","embeddable":true,"href":"https:\/\/www.nationalturk.com\/tr\/wp-json\/wp\/v2\/tags?post=156379"}],"curies":[{"name":"wp","href":"https:\/\/api.w.org\/{rel}","templated":true}]}}