{"id":156897,"date":"2014-01-14T16:22:17","date_gmt":"2014-01-14T14:22:17","guid":{"rendered":"http:\/\/www.nationalturk.com\/?p=156897"},"modified":"2014-01-14T16:22:17","modified_gmt":"2014-01-14T14:22:17","slug":"operasyon-yapan-yaniyor-kilis-tem-muduru-cocuk-subeye-gonderildi-156897","status":"publish","type":"post","link":"https:\/\/www.nationalturk.com\/tr\/operasyon-yapan-yaniyor-kilis-tem-muduru-cocuk-subeye-gonderildi-156897\/","title":{"rendered":"Operasyon yapan yan\u0131yor! Kilis TEM m\u00fcd\u00fcr\u00fc \u00c7ocuk \u015eube&#8217;ye g\u00f6nderildi"},"content":{"rendered":"<h1><img loading=\"lazy\" decoding=\"async\" class=\"alignleft size-medium wp-image-156898\" alt=\"\" src=\"http:\/\/www.nationalturk.com\/tr\/wp-content\/uploads\/2014\/01\/son-dakika-dikey8-206x220.jpg\" width=\"206\" height=\"220\" title=\"\" srcset=\"https:\/\/www.nationalturk.com\/tr\/wp-content\/uploads\/2014\/01\/son-dakika-dikey8-206x220.jpg 206w, https:\/\/www.nationalturk.com\/tr\/wp-content\/uploads\/2014\/01\/son-dakika-dikey8.jpg 300w\" sizes=\"auto, (max-width: 206px) 100vw, 206px\" \/><\/h1>\n<h1>Van merkezli d\u00fczenlenen El Kaide operasyonu kapsam\u0131nda \u0130HH \u015fubesine bask\u0131n yap\u0131lan Kilis&#8217;te ayn\u0131 g\u00fcn Ter\u00f6rle M\u00fccadele \u015eube M\u00fcd\u00fcr\u00fc Devlet \u00c7\u0131ng\u0131&#8217;n\u0131n g\u00f6rev yeri de\u011fi\u015ftirildi. Devlet \u00c7\u0131ng\u0131 \u00c7ocuk \u015eube M\u00fcd\u00fcrl\u00fc\u011f\u00fc&#8217;ne atand\u0131!<\/h1>\n<p>Kilis Emniyet M\u00fcd\u00fcrl\u00fc\u011f\u00fcnde g\u00f6rev de\u011fi\u015fikli\u011fi yap\u0131ld\u0131.\u00a0Al\u0131nan bilgiye g\u00f6re, Ter\u00f6rle M\u00fccadele \u015eube M\u00fcd\u00fcr\u00fc Devlet \u00c7\u0131ng\u0131, \u00c7ocuk \u015eube M\u00fcd\u00fcrl\u00fc\u011f\u00fcne atand\u0131. \u00c7\u0131ng\u0131&#8217;n\u0131n yerine atanacak ki\u015finin hen\u00fcz belirlenmedi\u011fi \u00f6\u011frenildi.<\/p>\n<p>Van Cumhuriyet Ba\u015fsavc\u0131l\u0131\u011f\u0131&#8217;n\u0131n ba\u015flatt\u0131\u011f\u0131 soru\u015fturma kapsam\u0131nda 6 ayr\u0131 kentte yap\u0131lan e\u015f zamanl\u0131 El Kaide operasyonunda Van&#8217;da 18 ki\u015fi g\u00f6zalt\u0131na al\u0131nm\u0131\u015ft\u0131.<\/p>\n<p>Operasyon kapsam\u0131nda bug\u00fcn \u0130HH&#8217;n\u0131n Kilis&#8217;teki deposuna d\u00fczenlenen bask\u0131na bug\u00fcn g\u00f6revden al\u0131nan Ter\u00f6rle M\u00fccadele \u015eube M\u00fcd\u00fcr\u00fc Devlet \u00c7\u0131ng\u0131 da kat\u0131lm\u0131\u015ft\u0131.<\/p>\n<!-- Error, Advert is not available at this time due to schedule\/geolocation restrictions! -->\n","protected":false},"excerpt":{"rendered":"<p>Van merkezli d\u00fczenlenen El Kaide operasyonu kapsam\u0131nda \u0130HH \u015fubesine bask\u0131n yap\u0131lan Kilis&#8217;te ayn\u0131 g\u00fcn Ter\u00f6rle M\u00fccadele \u015eube M\u00fcd\u00fcr\u00fc Devlet \u00c7\u0131ng\u0131&#8217;n\u0131n g\u00f6rev yeri de\u011fi\u015ftirildi. Devlet \u00c7\u0131ng\u0131 \u00c7ocuk \u015eube M\u00fcd\u00fcrl\u00fc\u011f\u00fc&#8217;ne atand\u0131!<\/p>\n","protected":false},"author":4,"featured_media":175891,"comment_status":"open","ping_status":"open","sticky":false,"template":"","format":"standard","meta":{"_acf_changed":false,"footnotes":""},"categories":[6155,5005,6202,349,6805],"tags":[151336,28044,151238,151237,151239,151242,151240,28045,10834,15135,151338,151241,27382,151337,3114,151243],"class_list":["post-156897","post","type-post","status-publish","format-standard","has-post-thumbnail","hentry","category-gundem","category-manset","category-politika","category-son-dakika","category-turkiye","tag-devlet-cingi","tag-ihh","tag-ihh-arama","tag-ihh-baskin","tag-ihh-kilis","tag-ihh-kilis-subesi","tag-ihh-tir","tag-insani-yardim-vakfi","tag-kilis","tag-kilis-emniyet-mudurlugu","tag-kilis-operasyon","tag-serkan-nergis","tag-son-dakika","tag-tem-muduru","tag-van","tag-van-tem"],"acf":[],"_links":{"self":[{"href":"https:\/\/www.nationalturk.com\/tr\/wp-json\/wp\/v2\/posts\/156897","targetHints":{"allow":["GET"]}}],"collection":[{"href":"https:\/\/www.nationalturk.com\/tr\/wp-json\/wp\/v2\/posts"}],"about":[{"href":"https:\/\/www.nationalturk.com\/tr\/wp-json\/wp\/v2\/types\/post"}],"author":[{"embeddable":true,"href":"https:\/\/www.nationalturk.com\/tr\/wp-json\/wp\/v2\/users\/4"}],"replies":[{"embeddable":true,"href":"https:\/\/www.nationalturk.com\/tr\/wp-json\/wp\/v2\/comments?post=156897"}],"version-history":[{"count":0,"href":"https:\/\/www.nationalturk.com\/tr\/wp-json\/wp\/v2\/posts\/156897\/revisions"}],"wp:featuredmedia":[{"embeddable":true,"href":"https:\/\/www.nationalturk.com\/tr\/wp-json\/wp\/v2\/media\/175891"}],"wp:attachment":[{"href":"https:\/\/www.nationalturk.com\/tr\/wp-json\/wp\/v2\/media?parent=156897"}],"wp:term":[{"taxonomy":"category","embeddable":true,"href":"https:\/\/www.nationalturk.com\/tr\/wp-json\/wp\/v2\/categories?post=156897"},{"taxonomy":"post_tag","embeddable":true,"href":"https:\/\/www.nationalturk.com\/tr\/wp-json\/wp\/v2\/tags?post=156897"}],"curies":[{"name":"wp","href":"https:\/\/api.w.org\/{rel}","templated":true}]}}