{"id":156932,"date":"2014-01-15T11:07:26","date_gmt":"2014-01-15T09:07:26","guid":{"rendered":"http:\/\/www.nationalturk.com\/?p=156932"},"modified":"2014-01-15T11:07:26","modified_gmt":"2014-01-15T09:07:26","slug":"avustralyali-bereketi-156932","status":"publish","type":"post","link":"https:\/\/www.nationalturk.com\/tr\/avustralyali-bereketi-156932\/","title":{"rendered":"Avustralyal\u0131 bereketi"},"content":{"rendered":"<h1><a href=\"http:\/\/www.nationalturk.com\/tr\/wp-content\/uploads\/2014\/01\/miranda-kerr-antalya-fashion.jpg\"><img loading=\"lazy\" decoding=\"async\" class=\"aligncenter size-full wp-image-156933\" alt=\"miranda-kerr-antalya-fashion\" src=\"http:\/\/www.nationalturk.com\/tr\/wp-content\/uploads\/2014\/01\/miranda-kerr-antalya-fashion.jpg\" width=\"606\" height=\"340\" title=\"\" srcset=\"https:\/\/www.nationalturk.com\/tr\/wp-content\/uploads\/2014\/01\/miranda-kerr-antalya-fashion.jpg 606w, https:\/\/www.nationalturk.com\/tr\/wp-content\/uploads\/2014\/01\/miranda-kerr-antalya-fashion-280x157.jpg 280w\" sizes=\"auto, (max-width: 606px) 100vw, 606px\" \/><\/a>Dosso Dossi Fashion Show&#8217;un a\u00e7\u0131l\u0131\u015f defilesinde Antalya&#8217;da podyuma \u00e7\u0131kan top model Miranda Kerr&#8217;in giydi\u011fi \u00fc\u00e7 k\u0131yafet, yok sat\u0131yor.<\/h1>\n<p>Dosso Dossi Fashion Show organizasyonundan yap\u0131lan a\u00e7\u0131klamada, Miranda Kerr&#8217;in defilede sergiledi \u00fc\u00e7 k\u0131yafet i\u00e7in talep patlamas\u0131 ya\u015fayan firmalar\u0131n sipari\u015f yeti\u015ftirmekte zorland\u0131\u011f\u0131 kaydedildi.<\/p>\n<p><a href=\"http:\/\/www.nationalturk.com\/tr\/wp-content\/uploads\/2014\/01\/miranda-kerr-avustralya1.jpg\"><img loading=\"lazy\" decoding=\"async\" class=\"alignleft size-medium wp-image-156935\" alt=\"miranda-kerr-avustralya\" src=\"http:\/\/www.nationalturk.com\/tr\/wp-content\/uploads\/2014\/01\/miranda-kerr-avustralya1-280x210.jpg\" width=\"280\" height=\"210\" title=\"\" srcset=\"https:\/\/www.nationalturk.com\/tr\/wp-content\/uploads\/2014\/01\/miranda-kerr-avustralya1-280x210.jpg 280w, https:\/\/www.nationalturk.com\/tr\/wp-content\/uploads\/2014\/01\/miranda-kerr-avustralya1.jpg 400w\" sizes=\"auto, (max-width: 280px) 100vw, 280px\" \/><\/a>\u00dc\u00e7 ayr\u0131 firmaya ait k\u0131yafet i\u00e7in sat\u0131\u015fa sunuldu\u011fu anda on-line kanallardan sipari\u015f patlamas\u0131 ya\u015fand\u0131\u011f\u0131 belirtildi.<\/p>\n<p>Etkinlik sonras\u0131 \u00fcr\u00fcnlerin sergilendi\u011fi stantlara da al\u0131c\u0131lar\u0131n yo\u011fun ilgi g\u00f6sterdi\u011fi, 5 g\u00fcnl\u00fck etkinlik boyunca s\u00f6z konusu giysilerden onbinlerce sipari\u015f al\u0131nd\u0131\u011f\u0131 bildirildi.<\/p>\n<p>13 Ocak Pazartesi g\u00fcn\u00fc itibar\u0131yla sona eren etkinlik s\u0131ras\u0131nda 2014 ilkbahar-yaz kreasyonlar\u0131nda yer alan giysilerin g\u00f6rd\u00fc\u011f\u00fc ilgiden memnun olduklar\u0131n\u0131 belirtilen yetkililer, &#8220;Etkinli\u011fe kat\u0131lan yakla\u015f\u0131k 5 bin ki\u015fi, \u00f6zellikle bu \u00fc\u00e7 \u00fcr\u00fcne b\u00fcy\u00fck ilgi g\u00f6sterdi. Miranda Kerr&#8217;in giydi\u011fi \u00fc\u00e7 elbise Rusya&#8217;n\u0131n Sibirya b\u00f6lgesi dahil 30 \u00fclkeden yo\u011fun sipari\u015f ald\u0131&#8221; ifadesini kulland\u0131.<\/p>\n<!-- Error, Advert is not available at this time due to schedule\/geolocation restrictions! -->\n","protected":false},"excerpt":{"rendered":"<p>Dosso Dossi Fashion Show&#8217;un a\u00e7\u0131l\u0131\u015f defilesinde Antalya&#8217;da podyuma \u00e7\u0131kan top model Miranda Kerr&#8217;in giydi\u011fi \u00fc\u00e7 k\u0131yafet, yok sat\u0131yor.<\/p>\n","protected":false},"author":3,"featured_media":156933,"comment_status":"open","ping_status":"open","sticky":false,"template":"","format":"standard","meta":{"_acf_changed":false,"footnotes":""},"categories":[6232,6229],"tags":[2680,151372,6975,150911,150996,150470,150471],"class_list":["post-156932","post","type-post","status-publish","format-standard","has-post-thumbnail","hentry","category-magazin","category-moda","tag-dosso-dossi-fashion-show","tag-dosso-dossi-fashion-show-antalya","tag-miranda-kerr","tag-miranda-kerr-antalya","tag-miranda-kerr-avustralya","tag-miranda-kerr-defile","tag-miranda-kerr-turkiye"],"acf":[],"_links":{"self":[{"href":"https:\/\/www.nationalturk.com\/tr\/wp-json\/wp\/v2\/posts\/156932","targetHints":{"allow":["GET"]}}],"collection":[{"href":"https:\/\/www.nationalturk.com\/tr\/wp-json\/wp\/v2\/posts"}],"about":[{"href":"https:\/\/www.nationalturk.com\/tr\/wp-json\/wp\/v2\/types\/post"}],"author":[{"embeddable":true,"href":"https:\/\/www.nationalturk.com\/tr\/wp-json\/wp\/v2\/users\/3"}],"replies":[{"embeddable":true,"href":"https:\/\/www.nationalturk.com\/tr\/wp-json\/wp\/v2\/comments?post=156932"}],"version-history":[{"count":0,"href":"https:\/\/www.nationalturk.com\/tr\/wp-json\/wp\/v2\/posts\/156932\/revisions"}],"wp:featuredmedia":[{"embeddable":true,"href":"https:\/\/www.nationalturk.com\/tr\/wp-json\/wp\/v2\/media\/156933"}],"wp:attachment":[{"href":"https:\/\/www.nationalturk.com\/tr\/wp-json\/wp\/v2\/media?parent=156932"}],"wp:term":[{"taxonomy":"category","embeddable":true,"href":"https:\/\/www.nationalturk.com\/tr\/wp-json\/wp\/v2\/categories?post=156932"},{"taxonomy":"post_tag","embeddable":true,"href":"https:\/\/www.nationalturk.com\/tr\/wp-json\/wp\/v2\/tags?post=156932"}],"curies":[{"name":"wp","href":"https:\/\/api.w.org\/{rel}","templated":true}]}}