{"id":157066,"date":"2014-01-17T14:08:58","date_gmt":"2014-01-17T12:08:58","guid":{"rendered":"http:\/\/www.nationalturk.com\/?p=157066"},"modified":"2022-09-11T15:02:50","modified_gmt":"2022-09-11T12:02:50","slug":"ii-dunya-savasinin-teslim-olmayan-japon-askeri-onoda-oldu-ilginc-haberler-157066","status":"publish","type":"post","link":"https:\/\/www.nationalturk.com\/tr\/ii-dunya-savasinin-teslim-olmayan-japon-askeri-onoda-oldu-ilginc-haberler-157066\/","title":{"rendered":"II. D\u00fcnya sava\u015f\u0131n\u0131n Teslim olmayan Japon askeri Onoda \u00f6ld\u00fc \/ \u0130lgin\u00e7 Haberler"},"content":{"rendered":"<h1><a href=\"http:\/\/www.nationalturk.com\/tr\/wp-content\/uploads\/2014\/01\/japanese-soldier-wwii-hiroo-onoda2-1-762x428.jpg\"><img loading=\"lazy\" decoding=\"async\" class=\"alignnone size-full wp-image-157147\" title=\"JAPAN-HISTORY-WWII-PEOPLE\" alt=\"JAPAN-HISTORY-WWII-PEOPLE\" src=\"http:\/\/www.nationalturk.com\/tr\/wp-content\/uploads\/2014\/01\/japanese-soldier-wwii-hiroo-onoda2-1-762x428.jpg\" width=\"610\" height=\"342\" srcset=\"https:\/\/www.nationalturk.com\/tr\/wp-content\/uploads\/2014\/01\/japanese-soldier-wwii-hiroo-onoda2-1-762x428.jpg 610w, https:\/\/www.nationalturk.com\/tr\/wp-content\/uploads\/2014\/01\/japanese-soldier-wwii-hiroo-onoda2-1-762x428-280x156.jpg 280w\" sizes=\"auto, (max-width: 610px) 100vw, 610px\" \/><\/a><\/h1>\n<h1>II. D\u00fcnya sava\u015f\u0131n\u0131n bitti\u011fini 30 y\u0131l boyunca bilmeden Filipinler ormanlar\u0131nda sava\u015fa devam eden Hiroo Onoda 91 ya\u015f\u0131nda Tokyo&#8217;da hayat\u0131n\u0131 yitirdi.<\/h1>\n<p>II. D\u00fcnya sava\u015f\u0131n\u0131n bitti\u011finden haberi olmadan emrindeki \u00fc\u00e7 asker ile birlikte Filipinler&#8217;in balta girmemi\u015f ormanlar\u0131nda 1974 akadar sava\u015fa devam eden Te\u011fmen Hiroo Onoda, kendisine u\u00e7aklardan at\u0131lan b\u00fct\u00fcn bro\u015f\u00fcrlere ve Japonya&#8217;dan gelen devlet heyetlerine kulak asmam\u0131\u015f ve tek ki\u015filik sava\u015f\u0131n\u0131 30 y\u0131l boyunca s\u00fcrd\u00fcrm\u00fc\u015ft\u00fc.<\/p>\n<p>1972&#8217;de bir Filipinler askeri tesisine yapt\u0131\u011f\u0131 bask\u0131n sonucu fark edilen Te\u011fmen Onoda b\u00fct\u00fcn \u00e7a\u011fr\u0131lar\u0131 yan\u0131ts\u0131z b\u0131rakm\u0131\u015f ve teslim olana kadar yakalanamam\u0131\u015ft\u0131.<\/p>\n<p>1974 y\u0131l\u0131nda k\u0131l\u0131c\u0131n\u0131 Filipinler devlet ba\u015fkan\u0131 Ferdinan Marcos&#8217;a teslim ettikten sonra &#8221; Ben sadec bana verilen emirlere uymaya devam ettim a\u00e7\u0131klamas\u0131n\u0131 yapm\u0131\u015ft\u0131.<\/p>\n<p><a href=\"http:\/\/www.nationalturk.com\/tr\/wp-content\/uploads\/2014\/01\/hiroo-onoda-surrendering-sword-1-762x428.jpg\"><img loading=\"lazy\" decoding=\"async\" class=\"alignnone size-full wp-image-157148\" title=\"PHILIPPINES-JAPAN-HISTORY-WWII-PEOPLE\" alt=\"PHILIPPINES-JAPAN-HISTORY-WWII-PEOPLE\" src=\"http:\/\/www.nationalturk.com\/tr\/wp-content\/uploads\/2014\/01\/hiroo-onoda-surrendering-sword-1-762x428.jpg\" width=\"610\" height=\"342\" srcset=\"https:\/\/www.nationalturk.com\/tr\/wp-content\/uploads\/2014\/01\/hiroo-onoda-surrendering-sword-1-762x428.jpg 610w, https:\/\/www.nationalturk.com\/tr\/wp-content\/uploads\/2014\/01\/hiroo-onoda-surrendering-sword-1-762x428-280x156.jpg 280w\" sizes=\"auto, (max-width: 610px) 100vw, 610px\" \/><\/a><\/p>\n<p>Hiroo Onoda 1974&#8217;te \u00fclkesi Japonya&#8217;ya d\u00f6nd\u00fc\u011f\u00fcnde \u00e7ok de\u011fi\u015fik bir \u00fclke ile kar\u015f\u0131la\u015ft\u0131, B\u0131rakt\u0131\u011f\u0131 zaman ekonomik krizdeki militarist bir imparatorluk olan Japonya d\u00f6nd\u00fc\u011f\u00fcnde bar\u0131\u015f\u00e7\u0131 bir ekonomi devine d\u00f6nm\u00fc\u015ft\u00fc.<\/p>\n<p>Onoda Japonya2da fazla kalamad\u0131 ve 1975 y\u0131l\u0131nda bir s\u0131\u011f\u0131r \u00e7iftli\u011fi kurmak i\u00e7in Brezilya&#8217;ya g\u00f6\u00e7 etti tam bir pasifist bar\u0131\u015f\u00e7\u0131 olan Hiroo Onoda 1995&#8217;te verdi\u011f bir r\u00f6portajda &#8220;Hayata yeniden ba\u015flad\u0131m ve 30 y\u0131l\u0131m\u0131 zaten kaybettim&#8221; dedi.<\/p>\n<p><a href=\"http:\/\/www.nationalturk.com\/tr\/wp-content\/uploads\/2014\/01\/japanese-soldier-wwii-hiroo-onoda-1-762x428.jpg\"><img loading=\"lazy\" decoding=\"async\" class=\"alignnone size-full wp-image-157149\" alt=\"PHILIPPINES-JAPAN-HISTORY-WWII-PEOPLE\" src=\"http:\/\/www.nationalturk.com\/tr\/wp-content\/uploads\/2014\/01\/japanese-soldier-wwii-hiroo-onoda-1-762x428.jpg\" width=\"610\" height=\"342\" title=\"\" srcset=\"https:\/\/www.nationalturk.com\/tr\/wp-content\/uploads\/2014\/01\/japanese-soldier-wwii-hiroo-onoda-1-762x428.jpg 610w, https:\/\/www.nationalturk.com\/tr\/wp-content\/uploads\/2014\/01\/japanese-soldier-wwii-hiroo-onoda-1-762x428-280x156.jpg 280w\" sizes=\"auto, (max-width: 610px) 100vw, 610px\" \/><\/a><\/p>\n<p>Teslimiyeti kabul etmeyen Japon askeri Hiroo Onoda d\u00fcn gece Tokyo&#8217;da 91 ya\u015f\u0131nda hayat g\u00f6zlerini yumdu.<\/p>\n<!-- Error, Advert is not available at this time due to schedule\/geolocation restrictions! -->\n<p>&nbsp;<\/p>\n<p>&nbsp;<\/p>\n","protected":false},"excerpt":{"rendered":"<p>II. D\u00fcnya sava\u015f\u0131n\u0131n bitti\u011fini 30 y\u0131l boyunca bilmeden Filipinler ormanlar\u0131nda sava\u015fa devam eden Hiroo Onoda 91 ya\u015f\u0131nda Tokyo&#8217;da hayat\u0131n\u0131 yitirdi.<\/p>\n","protected":false},"author":761,"featured_media":157147,"comment_status":"open","ping_status":"open","sticky":false,"template":"","format":"standard","meta":{"_acf_changed":false,"footnotes":""},"categories":[6769,6665,6155,5005,349,220816],"tags":[133211,863,46631],"class_list":["post-157066","post","type-post","status-publish","format-standard","has-post-thumbnail","hentry","category-asya","category-dunya","category-gundem","category-manset","category-son-dakika","category-uzak-dogu","tag-ii-dunya-savasi","tag-japonya","tag-japonya-tokyo"],"acf":[],"_links":{"self":[{"href":"https:\/\/www.nationalturk.com\/tr\/wp-json\/wp\/v2\/posts\/157066","targetHints":{"allow":["GET"]}}],"collection":[{"href":"https:\/\/www.nationalturk.com\/tr\/wp-json\/wp\/v2\/posts"}],"about":[{"href":"https:\/\/www.nationalturk.com\/tr\/wp-json\/wp\/v2\/types\/post"}],"author":[{"embeddable":true,"href":"https:\/\/www.nationalturk.com\/tr\/wp-json\/wp\/v2\/users\/761"}],"replies":[{"embeddable":true,"href":"https:\/\/www.nationalturk.com\/tr\/wp-json\/wp\/v2\/comments?post=157066"}],"version-history":[{"count":0,"href":"https:\/\/www.nationalturk.com\/tr\/wp-json\/wp\/v2\/posts\/157066\/revisions"}],"wp:featuredmedia":[{"embeddable":true,"href":"https:\/\/www.nationalturk.com\/tr\/wp-json\/wp\/v2\/media\/157147"}],"wp:attachment":[{"href":"https:\/\/www.nationalturk.com\/tr\/wp-json\/wp\/v2\/media?parent=157066"}],"wp:term":[{"taxonomy":"category","embeddable":true,"href":"https:\/\/www.nationalturk.com\/tr\/wp-json\/wp\/v2\/categories?post=157066"},{"taxonomy":"post_tag","embeddable":true,"href":"https:\/\/www.nationalturk.com\/tr\/wp-json\/wp\/v2\/tags?post=157066"}],"curies":[{"name":"wp","href":"https:\/\/api.w.org\/{rel}","templated":true}]}}