{"id":157336,"date":"2014-01-20T19:50:31","date_gmt":"2014-01-20T17:50:31","guid":{"rendered":"http:\/\/www.nationalturk.com\/?p=157336"},"modified":"2014-01-20T19:50:31","modified_gmt":"2014-01-20T17:50:31","slug":"cin-turu-anadolu-atesi-sanghay-buyuledi-157336","status":"publish","type":"post","link":"https:\/\/www.nationalturk.com\/tr\/cin-turu-anadolu-atesi-sanghay-buyuledi-157336\/","title":{"rendered":"\u00c7in Turu&#8217;ndaki Anadolu Ate\u015fi \u015eanghay&#8217;\u0131 b\u00fcy\u00fcledi"},"content":{"rendered":"<h1><a href=\"http:\/\/www.nationalturk.com\/tr\/wp-content\/uploads\/2014\/01\/anadolu-atesi-cin-turu.jpg\"><img loading=\"lazy\" decoding=\"async\" class=\"aligncenter size-large wp-image-157339\" alt=\"anadolu-atesi-cin-turu\" src=\"http:\/\/www.nationalturk.com\/tr\/wp-content\/uploads\/2014\/01\/anadolu-atesi-cin-turu-602x400.jpg\" width=\"602\" height=\"400\" title=\"\" srcset=\"https:\/\/www.nationalturk.com\/tr\/wp-content\/uploads\/2014\/01\/anadolu-atesi-cin-turu-602x400.jpg 602w, https:\/\/www.nationalturk.com\/tr\/wp-content\/uploads\/2014\/01\/anadolu-atesi-cin-turu-280x185.jpg 280w, https:\/\/www.nationalturk.com\/tr\/wp-content\/uploads\/2014\/01\/anadolu-atesi-cin-turu-900x597.jpg 900w, https:\/\/www.nationalturk.com\/tr\/wp-content\/uploads\/2014\/01\/anadolu-atesi-cin-turu.jpg 1200w\" sizes=\"auto, (max-width: 602px) 100vw, 602px\" \/><\/a>Anadolu Ate\u015fi, \u00c7in turnesinin son aya\u011f\u0131 olan \u015eanghay kentinde yapt\u0131\u011f\u0131 g\u00f6steri ile \u00c7inlileri b\u00fcy\u00fcledi.<\/h1>\n<p>&#8220;\u015eanghay B\u00fcy\u00fck Sahnesi&#8221;nde binlerce \u00c7inli sanatseverin izledi\u011fi g\u00f6steri, b\u00fcy\u00fck ilgi ile kar\u015f\u0131land\u0131. G\u00f6sterinin ard\u0131ndan dakikalarca ayakta alk\u0131\u015flanan grup, seyirciler taraf\u0131ndan geri \u00e7a\u011fr\u0131ld\u0131.<\/p>\n<p>Grubun ba\u015f dans\u00e7\u0131lar\u0131ndan Sinem G\u00fcven,yapt\u0131\u011f\u0131 a\u00e7\u0131klamada, \u00c7in&#8217;e sekizinci kez geldiklerini hat\u0131rlatarak, ilginin her seferinde artt\u0131\u011f\u0131n\u0131 ve bu durumun, gelecekteki \u00e7al\u0131\u015fmalar\u0131 i\u00e7in b\u00fcy\u00fck motivasyon kayna\u011f\u0131 oldu\u011funu s\u00f6yledi.<\/p>\n<p>Anadolu Ate\u015fi, <a href=\"http:\/\/www.wts.com.tr\/cin-turu.htm\" target=\"_blank\" rel=\"noopener\">\u00c7in Turu<\/a> kapsam\u0131nda 20 Aral\u0131k&#8217;tan bu yana Pekin, Lancou, Guangcou, \u015e\u0131nc\u0131n gibi kentlerin de aralar\u0131nda bulundu\u011fu 12 \u015fehirde 17 g\u00f6steri sahneledi.<\/p>\n<p>Turne \u00e7er\u00e7evesinde ba\u015fkent Pekin&#8217;deki \u00c7in parlamentosu ve devlet saray\u0131 olarak da bilinen B\u00fcy\u00fck Halk Salonu&#8217;nda sahne alan dans grubu, \u00c7in&#8217;e senelerdir turneler d\u00fczenliyor.<\/p>\n<h2>Yeni projede \u00c7inli dans\u00e7\u0131larla \u00e7al\u0131\u015facaklar<\/h2>\n<p>Grubun genel sanat y\u00f6netmeni Mustafa Erdo\u011fan&#8217;\u0131n &#8220;Do\u011fu&#8217;nun Kap\u0131lar\u0131&#8221; adl\u0131 yeni projesinde, tarihi \u0130pek Yolu temal\u0131 g\u00f6steri tertip edilecek. Koreografisini O\u011fuzhan \u00d6zel&#8217;in yapt\u0131\u011f\u0131 ve 3 y\u0131ld\u0131r \u00fczerinde \u00e7al\u0131\u015f\u0131lan yeni proje \u00e7er\u00e7evesinde \u00c7in&#8217;den ba\u015flay\u0131p Anadolu ve Akdeniz \u00fczerinden Avrupa&#8217;ya kadar uzanan bir ser\u00fcvenin hikayesi, yak\u0131n zamanda sahnelenecek. Bu projede \u00c7inli dans\u00e7\u0131larla da i\u015fbirli\u011fi yap\u0131lmas\u0131 planlan\u0131yor.<\/p>\n<p>Anadolu Ate\u015fi, ge\u00e7en y\u0131l \u00fclkenin geleneksel yeni y\u0131l\u0131nda ulusal kanal CCTV&#8217;deki gala program\u0131nda sahne alm\u0131\u015ft\u0131. \u00c7in&#8217;in bahar bayram\u0131 gecesi yay\u0131mlanan program, 800 milyon ki\u015fiyle en \u00e7ok izlenen program olmu\u015f, Anadolu Ate\u015fi \u00fclke genelinde b\u00fcy\u00fck \u015f\u00f6hrete kavu\u015fmu\u015ftu.<\/p>\n<!-- Error, Advert is not available at this time due to schedule\/geolocation restrictions! -->\n","protected":false},"excerpt":{"rendered":"<p>Anadolu Ate\u015fi, \u00c7in turnesinin son aya\u011f\u0131 olan \u015eanghay kentinde yapt\u0131\u011f\u0131 g\u00f6steri ile \u00c7inlileri b\u00fcy\u00fcledi.<\/p>\n","protected":false},"author":3,"featured_media":175821,"comment_status":"open","ping_status":"open","sticky":false,"template":"","format":"standard","meta":{"_acf_changed":false,"footnotes":""},"categories":[6666,6221,6232,36154],"tags":[45355,151830,151831,1067,151833,151834],"class_list":["post-157336","post","type-post","status-publish","format-standard","has-post-thumbnail","hentry","category-etkinlikler","category-kultur","category-magazin","category-muzik","tag-anadolu-atesi","tag-anadolu-atesi-cin","tag-anadolu-atesi-cin-turu","tag-sanghay","tag-sanghay-cin","tag-sanghay-turu"],"acf":[],"_links":{"self":[{"href":"https:\/\/www.nationalturk.com\/tr\/wp-json\/wp\/v2\/posts\/157336","targetHints":{"allow":["GET"]}}],"collection":[{"href":"https:\/\/www.nationalturk.com\/tr\/wp-json\/wp\/v2\/posts"}],"about":[{"href":"https:\/\/www.nationalturk.com\/tr\/wp-json\/wp\/v2\/types\/post"}],"author":[{"embeddable":true,"href":"https:\/\/www.nationalturk.com\/tr\/wp-json\/wp\/v2\/users\/3"}],"replies":[{"embeddable":true,"href":"https:\/\/www.nationalturk.com\/tr\/wp-json\/wp\/v2\/comments?post=157336"}],"version-history":[{"count":0,"href":"https:\/\/www.nationalturk.com\/tr\/wp-json\/wp\/v2\/posts\/157336\/revisions"}],"wp:featuredmedia":[{"embeddable":true,"href":"https:\/\/www.nationalturk.com\/tr\/wp-json\/wp\/v2\/media\/175821"}],"wp:attachment":[{"href":"https:\/\/www.nationalturk.com\/tr\/wp-json\/wp\/v2\/media?parent=157336"}],"wp:term":[{"taxonomy":"category","embeddable":true,"href":"https:\/\/www.nationalturk.com\/tr\/wp-json\/wp\/v2\/categories?post=157336"},{"taxonomy":"post_tag","embeddable":true,"href":"https:\/\/www.nationalturk.com\/tr\/wp-json\/wp\/v2\/tags?post=157336"}],"curies":[{"name":"wp","href":"https:\/\/api.w.org\/{rel}","templated":true}]}}