{"id":157382,"date":"2014-01-21T14:28:16","date_gmt":"2014-01-21T12:28:16","guid":{"rendered":"http:\/\/www.nationalturk.com\/?p=157382"},"modified":"2014-01-21T14:28:16","modified_gmt":"2014-01-21T12:28:16","slug":"metin-ogretmenin-oldugu-hopada-polis-yetersiz-guc-kullanmis-157382","status":"publish","type":"post","link":"https:\/\/www.nationalturk.com\/tr\/metin-ogretmenin-oldugu-hopada-polis-yetersiz-guc-kullanmis-157382\/","title":{"rendered":"Metin \u00f6\u011fretmenin \u00f6ld\u00fc\u011f\u00fc Hopa&#8217;da polis &#8220;yetersiz g\u00fc\u00e7&#8221; kullanm\u0131\u015f!"},"content":{"rendered":"<p><img loading=\"lazy\" decoding=\"async\" class=\"alignnone size-full wp-image-157383\" alt=\"Hopa olaylar\u0131\" src=\"http:\/\/www.nationalturk.com\/tr\/wp-content\/uploads\/2014\/01\/hopa_olaylar.jpg\" width=\"610\" height=\"362\" title=\"\"><\/p>\n<h1>Metin Lokumcu&#8217;nun hayat\u0131n\u0131 yitirdi\u011fi Hopa olaylar\u0131yla ilgili m\u00fcfetti\u015f raporunda \u00a022 eylemci ve 17 polisin yaraland\u0131\u011f\u0131 belirtilerek polisin orant\u0131s\u0131z de\u011fil, &#8216;yetersiz&#8217; g\u00fc\u00e7 kulland\u0131\u011f\u0131 iddia edildi.<\/h1>\n<p><strong>Radikal gazetesinden \u0130smail Saymaz&#8217;\u0131n haberi;<\/strong><\/p>\n<p>Hopa\u2019da, emekli \u00f6\u011fretmen Metin Lokumcu\u2019nun \u00f6l\u00fcm\u00fcyle biten Hopa Olaylar\u0131\u2019na ili\u015fkin m\u00fcfetti\u015f raporunda, \u201c\u00c7evik Kuvvet\u2019ten gaz kullanan ve kim oldu\u011fu tespit edilemeyen baz\u0131 personelin m\u00fcnferit hatalar\u0131 d\u0131\u015f\u0131nda bilin\u00e7siz gaz kullan\u0131lmad\u0131\u011f\u0131\u201d savunuldu. Raporda ayr\u0131ca, il\u00e7ede 22 ki\u015finin hastaneye ba\u015fvurdu\u011fu, buna kar\u015f\u0131l\u0131k 17 polisin yaraland\u0131\u011f\u0131 belirtilerek, \u201cPolisin orant\u0131s\u0131z g\u00fc\u00e7 ve zor kullanma yetkisini k\u00f6t\u00fcye kullanmad\u0131\u011f\u0131, aksine yetersiz g\u00fc\u00e7 kullanm\u0131\u015f olabilece\u011finin de\u011ferlendirildi\u011fi\u201d ifade edildi.<\/p>\n<p>\u0130\u00e7i\u015fleri Bakanl\u0131\u011f\u0131 m\u00fcfetti\u015finin polis ve jandarma yetkilileri hakk\u0131nda \u201cSoru\u015fturma izni verilmesin\u201d y\u00f6n\u00fcndeki raporu, ge\u00e7en y\u0131l ocak ay\u0131nda idare mahkemesi taraf\u0131ndan bozuldu. Buna kar\u015f\u0131n Hopa Savc\u0131l\u0131\u011f\u0131 \u015f\u00fcpheliler hak\u0131nda, aradan ge\u00e7en bir y\u0131la ra\u011fmen, h\u00e2l\u00e2 dava a\u00e7mad\u0131.<\/p>\n<p>Hopa Cumhuriyet Ba\u015fsavc\u0131l\u0131\u011f\u0131, yap\u0131lan \u015fik\u00e2yetler \u00fczerine \u2018zor kullanma yetkisine ili\u015fkin s\u0131n\u0131r\u0131n a\u015f\u0131lmas\u0131, orant\u0131s\u0131z g\u00fc\u00e7 ve bilin\u00e7siz gaz kullanma\u2019 iddialar\u0131na ili\u015fkin, Artvin ve Hopa emniyet ve jandarma yetkililerinin de bulundu\u011fu 59 g\u00f6revli hakk\u0131nda soru\u015fturma a\u00e7\u0131lmas\u0131 i\u00e7in Artvin Valili\u011fi\u2019ne ba\u015fvurdu. Valilik de 4483 Say\u0131l\u0131 Memurlar ve Di\u011fer Kamu G\u00f6revlilerinin Yarg\u0131lanmas\u0131 Hakk\u0131ndaki Kanun gere\u011fince \u0130\u00e7i\u015fleri Bakanl\u0131\u011f\u0131\u2019ndan m\u00fcfetti\u015f atanmas\u0131n\u0131 istedi. \u0130lk m\u00fcfetti\u015f, i\u015flem yap\u0131lmas\u0131na gerek olmad\u0131\u011f\u0131 y\u00f6n\u00fcnde g\u00f6r\u00fc\u015f belirtti. Trabzon B\u00f6lge \u0130dare Mahkemesi, karar\u0131 kald\u0131rd\u0131 ve 4483 Say\u0131l\u0131 Yasa\u2019n\u0131n 6. Maddesi\u2019ne g\u00f6re soru\u015fturma izni verilip verilmedi\u011finin belirtilmesini istedi.<\/p>\n<!-- Error, Advert is not available at this time due to schedule\/geolocation restrictions! -->\n<p>Bunun \u00fczerine \u0130\u00e7i\u015fleri Bakanl\u0131\u011f\u0131, M\u00fclkiye M\u00fcfetti\u015fi Abdulkadir G\u00fcven\u2019den ikinci bir \u00d6n Ara\u015ft\u0131rma Raporu haz\u0131rlamas\u0131n\u0131 istedi.<\/p>\n<p>G\u00fcven\u2019in 26 Eyl\u00fcl 2012 tarihli raporunda; Hopa\u2019da 22 vatanda\u015f\u0131n hastaneye ba\u015fvurdu\u011fu ve yaln\u0131zca ikisinin yat\u0131l\u0131 tedavi g\u00f6rd\u00fc\u011f\u00fc, 17 polisin yaraland\u0131\u011f\u0131n\u0131 belirtilerek, \u201cA\u0130HM\u2019nin kolluk ve kalabal\u0131klar aras\u0131nda ger\u00e7ekle\u015fen basit fiziksel m\u00fcdahaleler sonucu olu\u015fan yara ve bereleri k\u00f6t\u00fc muamele olarak saymad\u0131\u011f\u0131\u201d savunuldu. Hopal\u0131lar\u0131n \u015fiddete ba\u015fvurdu\u011fu ve bar\u0131\u015f\u00e7\u0131l olmad\u0131\u011f\u0131 iddia edilirken, polisin zor kullanma s\u0131n\u0131rlar\u0131 i\u00e7erisinde kald\u0131\u011f\u0131 ileri s\u00fcr\u00fcld\u00fc. G\u00f6stericilerin polise kar\u015f\u0131 ta\u015f, sopa ve cam \u015fi\u015fe att\u0131\u011f\u0131 belirtilerek, \u201cm\u00fcdahalede orant\u0131l\u0131l\u0131k ve \u00f6l\u00e7\u00fcl\u00fcl\u00fck prensiplerinin ihlal edilmi\u015f oldu\u011funun s\u00f6ylenemeyece\u011fi\u201d iddia edildi.<\/p>\n<p>Biber gaz\u0131 kullanmadan \u00f6nce vatanda\u015flar\u0131n uyar\u0131ld\u0131\u011f\u0131, 45 gaz fi\u015fe\u011fi, 20 de gaz el bombas\u0131 at\u0131ld\u0131\u011f\u0131 belirtilirken, \u201c\u00c7evik Kuvvet\u2019ten gaz kullanan ve kim oldu\u011fu tespit edilemeyen baz\u0131 personelin m\u00fcnferit hatalar\u0131 d\u0131\u015f\u0131nda bilin\u00e7siz gaz kullan\u0131lmad\u0131\u011f\u0131\u201d savunuldu. Hopa olaylar\u0131yla ilgili g\u00f6r\u00fcnt\u00fcleri izleyen \u00fc\u00e7 emniyet m\u00fcd\u00fcr\u00fcn\u00fcn verdi\u011fi g\u00f6r\u00fc\u015fe g\u00f6re de \u201cEylemcilere m\u00fcdahale eden kollu\u011fun mevzuata g\u00f6re hareket etti\u011fi, zor kullanma yetkisine ili\u015fkin s\u0131n\u0131r\u0131n a\u015f\u0131lmad\u0131\u011f\u0131, orant\u0131s\u0131z g\u00fc\u00e7 kullan\u0131lmad\u0131\u011f\u0131, gaz m\u00fchimmat\u0131 kullan\u0131m\u0131n\u0131n genel olarak mevzuata uygun oldu\u011fu, ancak mevcut g\u00f6r\u00fcnt\u00fclerden, kim oldu\u011fu tespit edilemeyen m\u00fcnferit baz\u0131 personelin konuya ili\u015fkin gerekli hassasiyeti g\u00f6stermedi\u011fi\u201d ifade edildi.<\/p>\n<p>Daha \u00f6nce m\u00fclkiye m\u00fcfetti\u015fi taraf\u0131ndan haz\u0131rlanan 13 Haziran 2011 tarihli \u00f6n inceleme raporunda, \u201cMiting \u00f6ncesi, s\u0131ras\u0131 ve sonras\u0131nda muhalif baz\u0131 gruplarca yap\u0131lan asayi\u015f ve g\u00fcvenli\u011fi sars\u0131c\u0131 olaylar\u0131n \u00f6nlenmesinde g\u00fcvenlik g\u00fc\u00e7lerinin zafiyet g\u00f6stermeleri, sald\u0131rgan ki\u015fi ve gruplar\u0131 tesirsiz hale getiremedikleri\u201d y\u00f6n\u00fcnde g\u00f6r\u00fc\u015fe var\u0131ld\u0131\u011f\u0131 vurgulanarak, \u201cM\u00fcdahalenin sevk ve idaresinden sorumlu olanlar\u0131n y\u00f6netim ve koordinasyonunda yetersizlik oldu\u011fu, polis g\u00fcc\u00fcn\u00fcn orant\u0131s\u0131z g\u00fc\u00e7 ve zor kullanma yetkisini k\u00f6t\u00fcye kullanmad\u0131\u011f\u0131, tam aksine yetersiz g\u00fc\u00e7 kullanm\u0131\u015f olabilece\u011finin de\u011ferlendirildi\u011fi\u201d ifade edildi.<\/p>\n<p>H\u00e2l\u00e2 dava a\u00e7\u0131lmad\u0131<\/p>\n<p>Raporda, kamu g\u00f6revlileri hakk\u0131nda soru\u015fturma izni verilmesine gerek olmad\u0131\u011f\u0131 kaydedildi. Bunun \u00fczerine Artvin Valili\u011fi, 4 Ekim 2012\u2019de soru\u015fturma izni vermedi. Bu karar da Lokumcu Ailesi taraf\u0131ndan Trabzon B\u00f6lge \u0130dare Mahkemesi\u2019ne g\u00f6t\u00fcr\u00fcld\u00fc. Mahkeme, 29 Ocak 2013\u2019te verdi\u011fi karar\u0131nda, eylemlerin savc\u0131l\u0131k\u00e7a do\u011frudan soru\u015fturulmas\u0131 gerekti\u011fi, 4483 Say\u0131l\u0131 Yasa kapsam\u0131na girmeyece\u011fi belirtilerek, karar\u0131 bozdu. Fakat h\u00e2l\u00e2 bir dava a\u00e7\u0131lmad\u0131.<br \/>\nLokumcu ayr\u0131 \u2018olaylar\u2019 ayr\u0131<\/p>\n<p>Hopa Savc\u0131l\u0131\u011f\u0131\u2019n\u0131n, Metin Lokumcu\u2019nun \u00f6l\u00fcm\u00fc ile yaralanmalara neden olan orant\u0131s\u0131z g\u00fc\u00e7 ve a\u015f\u0131r\u0131 gaz kullan\u0131m\u0131 ile ilgili dosyalar\u0131 ayr\u0131 ayr\u0131 ele ald\u0131\u011f\u0131 ortaya \u00e7\u0131kt\u0131. Savc\u0131l\u0131k Lokumcu\u2019nun \u00f6l\u00fcm\u00fcne ili\u015fkin eski \u0130\u00e7i\u015fleri Bakan\u0131 Osman G\u00fcne\u015f, eski Artvin Valisi Mustafa Yemlihao\u011flu, Artvin Emniyet M\u00fcd\u00fcr\u00fc Mustafa Arma\u011fan, Hopa Kaymakam\u0131 Abdullah Akta\u015f ve Hopa Emniyet M\u00fcd\u00fcr\u00fc ile bir grup polis hakk\u0131nda soru\u015fturma a\u00e7arak evrak\u0131 Yarg\u0131tay\u2019a yollad\u0131. Yarg\u0131tay Savc\u0131l\u0131\u011f\u0131, vali d\u0131\u015f\u0131ndakileri soru\u015fturmakla y\u00fck\u00fcml\u00fc mercinin Hopa Savc\u0131l\u0131\u011f\u0131 oldu\u011funu belirtip dosyay\u0131 iade etti. Hopa dosyay\u0131 Artvin Ba\u015fsavc\u0131l\u0131\u011f\u0131\u2019na yollad\u0131. Artvin ise kaymakam d\u0131\u015f\u0131ndakileri Hopa\u2019n\u0131n soru\u015fturaca\u011f\u0131n\u0131 belirterek geri g\u00f6nderdi. Hopa da mecburen Artvin Valili\u011fi\u2019ne ba\u015fvurarak 4483 Say\u0131l\u0131 Yasa kapsam\u0131nda soru\u015fturma izni istedi. Bakanl\u0131k tevdi raporu i\u00e7in Ba\u015fm\u00fcfetti\u015f Mahmut \u00c7uhadar\u2019\u0131 atad\u0131. \u00c7uhadar raporunda \u2018daha hafif nitelikteki eylemler do\u011frudan soru\u015fturulurken, Lokumcu\u2019nun \u00f6l\u00fcm\u00fcne ili\u015fkin 4483\u2019\u00fcn uygulanamayaca\u011f\u0131n\u0131 ve ikisine de Hopa Savc\u0131l\u0131\u011f\u0131\u2019n\u0131n bakmas\u0131 gerekti\u011fini vurgulad\u0131.<\/p>\n<!-- Error, Advert is not available at this time due to schedule\/geolocation restrictions! -->\n","protected":false},"excerpt":{"rendered":"<p>Metin Lokumcu&#8217;nun hayat\u0131n\u0131 yitirdi\u011fi Hopa olaylar\u0131yla ilgili m\u00fcfetti\u015f raporunda  22 eylemci ve 17 polisin yaraland\u0131\u011f\u0131 belirtilerek polisin orant\u0131s\u0131z de\u011fil, &#8216;yetersiz&#8217; g\u00fc\u00e7 kulland\u0131\u011f\u0131 iddia edildi.<\/p>\n","protected":false},"author":4,"featured_media":157383,"comment_status":"open","ping_status":"open","sticky":false,"template":"","format":"standard","meta":{"_acf_changed":false,"footnotes":""},"categories":[6155,5005,6202,6805],"tags":[3838,71534,71527,3888,71469,71529],"class_list":["post-157382","post","type-post","status-publish","format-standard","has-post-thumbnail","hentry","category-gundem","category-manset","category-politika","category-turkiye","tag-artvin","tag-artvin-hopa","tag-artvin-hopa-olaylari","tag-basbakan-erdogan","tag-hopa-olaylari","tag-metin-lokumcu"],"acf":[],"_links":{"self":[{"href":"https:\/\/www.nationalturk.com\/tr\/wp-json\/wp\/v2\/posts\/157382","targetHints":{"allow":["GET"]}}],"collection":[{"href":"https:\/\/www.nationalturk.com\/tr\/wp-json\/wp\/v2\/posts"}],"about":[{"href":"https:\/\/www.nationalturk.com\/tr\/wp-json\/wp\/v2\/types\/post"}],"author":[{"embeddable":true,"href":"https:\/\/www.nationalturk.com\/tr\/wp-json\/wp\/v2\/users\/4"}],"replies":[{"embeddable":true,"href":"https:\/\/www.nationalturk.com\/tr\/wp-json\/wp\/v2\/comments?post=157382"}],"version-history":[{"count":0,"href":"https:\/\/www.nationalturk.com\/tr\/wp-json\/wp\/v2\/posts\/157382\/revisions"}],"wp:featuredmedia":[{"embeddable":true,"href":"https:\/\/www.nationalturk.com\/tr\/wp-json\/wp\/v2\/media\/157383"}],"wp:attachment":[{"href":"https:\/\/www.nationalturk.com\/tr\/wp-json\/wp\/v2\/media?parent=157382"}],"wp:term":[{"taxonomy":"category","embeddable":true,"href":"https:\/\/www.nationalturk.com\/tr\/wp-json\/wp\/v2\/categories?post=157382"},{"taxonomy":"post_tag","embeddable":true,"href":"https:\/\/www.nationalturk.com\/tr\/wp-json\/wp\/v2\/tags?post=157382"}],"curies":[{"name":"wp","href":"https:\/\/api.w.org\/{rel}","templated":true}]}}