{"id":157440,"date":"2014-01-22T09:30:40","date_gmt":"2014-01-22T07:30:40","guid":{"rendered":"http:\/\/www.nationalturk.com\/?p=157440"},"modified":"2022-09-12T12:49:48","modified_gmt":"2022-09-12T09:49:48","slug":"la-liga-sampiyon-olmak-istiyoruz-157440","status":"publish","type":"post","link":"https:\/\/www.nationalturk.com\/tr\/la-liga-sampiyon-olmak-istiyoruz-157440\/","title":{"rendered":"&#8220;La Liga&#8217;da \u015fampiyon olmak istiyoruz&#8221;"},"content":{"rendered":"<h1><a href=\"http:\/\/www.nationalturk.com\/tr\/wp-content\/uploads\/2014\/01\/arda-turan-atletico-madrid.jpeg\"><img loading=\"lazy\" decoding=\"async\" class=\"aligncenter size-full wp-image-157441\" alt=\"arda-turan-atletico-madrid\" src=\"http:\/\/www.nationalturk.com\/tr\/wp-content\/uploads\/2014\/01\/arda-turan-atletico-madrid.jpeg\" width=\"600\" height=\"298\" title=\"\" srcset=\"https:\/\/www.nationalturk.com\/tr\/wp-content\/uploads\/2014\/01\/arda-turan-atletico-madrid.jpeg 600w, https:\/\/www.nationalturk.com\/tr\/wp-content\/uploads\/2014\/01\/arda-turan-atletico-madrid-280x139.jpeg 280w\" sizes=\"auto, (max-width: 600px) 100vw, 600px\" \/><\/a>\u0130spanya&#8217;n\u0131n Atletico Madrid tak\u0131m\u0131nda forma giyen milli futbolcu Arda Turan, La Liga&#8217;da \u015fampiyon olmak istediklerini s\u00f6yledi.<\/h1>\n<p>Swissotel&#8217;de d\u00fczenlenen 60. Milliyet Y\u0131l\u0131n Sporcusu \u00d6d\u00fclleri T\u00f6reni&#8217;ne kat\u0131lan milli futbolcu, gazetecilerin sorular\u0131n\u0131 cevaplad\u0131.<\/p>\n<p>Gecede &#8220;Y\u0131l\u0131n Sporcusu&#8221; \u00f6d\u00fcl\u00fcn\u00fc alan Arda, &#8220;\u00c7ok g\u00fczel bir gece. Bu geceyi d\u00fczenleyenlere \u00e7ok te\u015fekk\u00fcr ediyorum. Bu organizasyona de\u011fer verip, buraya g\u00f6nderdikleri i\u00e7in kul\u00fcb\u00fcme te\u015fekk\u00fcr ediyorum&#8221; diye konu\u015ftu.<\/p>\n<p>Lider Barcelona ile ayn\u0131 puanla ikinci s\u0131rada bulunduklar\u0131n\u0131 hat\u0131rlatan milli futbolcu, &#8220;\u015eampiyonluk \u00e7ok uzun ve zor bir maraton. Hayallerimiz var. Ma\u00e7lara tek tek bir final g\u00f6z\u00fcyle bak\u0131p \u00f6yle ilerleyece\u011fiz. Hakk\u0131m\u0131zda hay\u0131rl\u0131s\u0131&#8221; ifadelerini kulland\u0131.<\/p>\n<p>Arda, kendisi i\u00e7in \u0130spanyol bas\u0131n\u0131nda &#8220;Futbolun Muhammed Ali&#8217;si&#8221; yorumlar\u0131 yap\u0131lmas\u0131na ili\u015fkin, &#8220;Benzetmeler olabilir. Ho\u015f bir benzetme. Yapanlara te\u015fekk\u00fcr ediyoruz&#8221; dedi.<\/p>\n<p>\u0130spanya Kral Kupas\u0131 \u00e7eyrek finalinde Athletic Bilbao ile oynayacaklar\u0131 ma\u00e7lar\u0131 da de\u011ferlendiren Arda, &#8220;Zor bir ma\u00e7. \u0130ki ayakl\u0131 bir kar\u015f\u0131la\u015fma. Umar\u0131m ilk ma\u00e7ta i\u015fi kolayla\u015ft\u0131r\u0131r\u0131z&#8221; \u015feklinde konu\u015ftu.<\/p>\n<!-- Error, Advert is not available at this time due to schedule\/geolocation restrictions! -->\n","protected":false},"excerpt":{"rendered":"<p>\u0130spanya&#8217;n\u0131n Atletico Madrid tak\u0131m\u0131nda forma giyen milli futbolcu Arda Turan, La Liga&#8217;da \u015fampiyon olmak istediklerini s\u00f6yledi.<\/p>\n","protected":false},"author":3,"featured_media":157441,"comment_status":"open","ping_status":"open","sticky":false,"template":"","format":"standard","meta":{"_acf_changed":false,"footnotes":""},"categories":[6774,5005,6194],"tags":[6335,106438,58503,142845,7932,66667,151110,15,57534,21033,39087],"class_list":["post-157440","post","type-post","status-publish","format-standard","has-post-thumbnail","hentry","category-futbol","category-manset","category-spor","tag-arda-turan","tag-arda-turan-atletico","tag-arda-turan-atletico-madrid","tag-arda-turan-ispanya","tag-atletico-madrid","tag-atletico-madrid-arda-turan","tag-atletico-madrid-maclari","tag-ispanya","tag-ispanya-kral-kupasi","tag-la-liga","tag-la-liga-maclari"],"acf":[],"_links":{"self":[{"href":"https:\/\/www.nationalturk.com\/tr\/wp-json\/wp\/v2\/posts\/157440","targetHints":{"allow":["GET"]}}],"collection":[{"href":"https:\/\/www.nationalturk.com\/tr\/wp-json\/wp\/v2\/posts"}],"about":[{"href":"https:\/\/www.nationalturk.com\/tr\/wp-json\/wp\/v2\/types\/post"}],"author":[{"embeddable":true,"href":"https:\/\/www.nationalturk.com\/tr\/wp-json\/wp\/v2\/users\/3"}],"replies":[{"embeddable":true,"href":"https:\/\/www.nationalturk.com\/tr\/wp-json\/wp\/v2\/comments?post=157440"}],"version-history":[{"count":0,"href":"https:\/\/www.nationalturk.com\/tr\/wp-json\/wp\/v2\/posts\/157440\/revisions"}],"wp:featuredmedia":[{"embeddable":true,"href":"https:\/\/www.nationalturk.com\/tr\/wp-json\/wp\/v2\/media\/157441"}],"wp:attachment":[{"href":"https:\/\/www.nationalturk.com\/tr\/wp-json\/wp\/v2\/media?parent=157440"}],"wp:term":[{"taxonomy":"category","embeddable":true,"href":"https:\/\/www.nationalturk.com\/tr\/wp-json\/wp\/v2\/categories?post=157440"},{"taxonomy":"post_tag","embeddable":true,"href":"https:\/\/www.nationalturk.com\/tr\/wp-json\/wp\/v2\/tags?post=157440"}],"curies":[{"name":"wp","href":"https:\/\/api.w.org\/{rel}","templated":true}]}}