{"id":157456,"date":"2014-01-22T10:33:56","date_gmt":"2014-01-22T08:33:56","guid":{"rendered":"http:\/\/www.nationalturk.com\/?p=157456"},"modified":"2014-01-22T10:33:56","modified_gmt":"2014-01-22T08:33:56","slug":"avustralya-acikda-bir-sok-daha-son-sampiyon-azarenka-da-elendi-157456","status":"publish","type":"post","link":"https:\/\/www.nationalturk.com\/tr\/avustralya-acikda-bir-sok-daha-son-sampiyon-azarenka-da-elendi-157456\/","title":{"rendered":"Avustralya A\u00e7\u0131k&#8217;da bir \u015fok daha! Son \u015fampiyon Azarenka da elendi"},"content":{"rendered":"<p><img loading=\"lazy\" decoding=\"async\" class=\"alignnone size-large wp-image-157457\" alt=\"Azarenka elendi Avustralya A\u00e7\u0131k\" src=\"http:\/\/www.nationalturk.com\/tr\/wp-content\/uploads\/2014\/01\/azarenka_elendi_avustralya_acik-610x355.jpg\" width=\"610\" height=\"355\" title=\"\" srcset=\"https:\/\/www.nationalturk.com\/tr\/wp-content\/uploads\/2014\/01\/azarenka_elendi_avustralya_acik-610x355.jpg 610w, https:\/\/www.nationalturk.com\/tr\/wp-content\/uploads\/2014\/01\/azarenka_elendi_avustralya_acik-280x163.jpg 280w, https:\/\/www.nationalturk.com\/tr\/wp-content\/uploads\/2014\/01\/azarenka_elendi_avustralya_acik.jpg 800w\" sizes=\"auto, (max-width: 610px) 100vw, 610px\" \/><\/p>\n<h1>Avustralya A\u00e7\u0131k Tenis Turnuvas\u0131&#8217;nda, erkeklerde son 3 y\u0131l\u0131n \u015fampiyonu Novak Djokovic&#8217;in elenmesinin ard\u0131ndan bug\u00fcn de tek kad\u0131nlarda son 2 y\u0131l\u0131n \u015fampiyonu Victoria Azarenka Polonyal\u0131 Agnieszka Radwanska&#8217;ya 2-1 yenilerek elendi.<\/h1>\n<p>Melbourne&#8217;de d\u00fczenlenen Avustralya A\u00e7\u0131k Tenis Turnuvas\u0131&#8217;nda d\u00fcn oynanan tek erkekler ma\u00e7\u0131nda Stanislas Wawrinka&#8217;ya yenilerek elenen Avustralya A\u00e7\u0131k&#8217;ta son 3 y\u0131l\u0131n \u015fampiyonu Novak Djokovi\u00e7&#8217;ten sonra, tek kad\u0131nlarda son iki y\u0131l\u0131n \u015fampiyonu 2 numaral\u0131 seri ba\u015f\u0131 Balerus Victoria Azarenka, 5 numaral\u0131 raket Polonyal\u0131 Agnieszka Radwanska&#8217;ya 2-1 yenildi.<\/p>\n<p>Azarenka, b\u00f6ylece elenmi\u015f oldu.<\/p>\n<!-- Error, Advert is not available at this time due to schedule\/geolocation restrictions! -->\n","protected":false},"excerpt":{"rendered":"<p>Avustralya A\u00e7\u0131k Tenis Turnuvas\u0131&#8217;nda, erkeklerde son 3 y\u0131l\u0131n \u015fampiyonu Novak Djokovic&#8217;in elenmesinin ard\u0131ndan bug\u00fcn de tek kad\u0131nlarda son 2 y\u0131l\u0131n \u015fampiyonu Victoria Azarenka Polonyal\u0131 Agnieszka Radwanska&#8217;ya 2-1 yenilerek elendi.<\/p>\n","protected":false},"author":4,"featured_media":175806,"comment_status":"open","ping_status":"open","sticky":false,"template":"","format":"standard","meta":{"_acf_changed":false,"footnotes":""},"categories":[6194,6778],"tags":[473,33492,150553,15814,121336,75779],"class_list":["post-157456","post","type-post","status-publish","format-standard","has-post-thumbnail","hentry","category-spor","category-tenis","tag-avustralya","tag-avustralya-acik","tag-avustralya-acik-tenis","tag-avustralya-acik-tenis-turnuvasi","tag-avustralya-tenis","tag-djokovic"],"acf":[],"_links":{"self":[{"href":"https:\/\/www.nationalturk.com\/tr\/wp-json\/wp\/v2\/posts\/157456","targetHints":{"allow":["GET"]}}],"collection":[{"href":"https:\/\/www.nationalturk.com\/tr\/wp-json\/wp\/v2\/posts"}],"about":[{"href":"https:\/\/www.nationalturk.com\/tr\/wp-json\/wp\/v2\/types\/post"}],"author":[{"embeddable":true,"href":"https:\/\/www.nationalturk.com\/tr\/wp-json\/wp\/v2\/users\/4"}],"replies":[{"embeddable":true,"href":"https:\/\/www.nationalturk.com\/tr\/wp-json\/wp\/v2\/comments?post=157456"}],"version-history":[{"count":0,"href":"https:\/\/www.nationalturk.com\/tr\/wp-json\/wp\/v2\/posts\/157456\/revisions"}],"wp:featuredmedia":[{"embeddable":true,"href":"https:\/\/www.nationalturk.com\/tr\/wp-json\/wp\/v2\/media\/175806"}],"wp:attachment":[{"href":"https:\/\/www.nationalturk.com\/tr\/wp-json\/wp\/v2\/media?parent=157456"}],"wp:term":[{"taxonomy":"category","embeddable":true,"href":"https:\/\/www.nationalturk.com\/tr\/wp-json\/wp\/v2\/categories?post=157456"},{"taxonomy":"post_tag","embeddable":true,"href":"https:\/\/www.nationalturk.com\/tr\/wp-json\/wp\/v2\/tags?post=157456"}],"curies":[{"name":"wp","href":"https:\/\/api.w.org\/{rel}","templated":true}]}}