{"id":157546,"date":"2014-01-23T10:48:05","date_gmt":"2014-01-23T08:48:05","guid":{"rendered":"http:\/\/www.nationalturk.com\/?p=157546"},"modified":"2014-01-23T10:48:05","modified_gmt":"2014-01-23T08:48:05","slug":"rte-universitesinden-recepi-emineae-velioglui-aciklamasi-kesin-oyledir-157546","status":"publish","type":"post","link":"https:\/\/www.nationalturk.com\/tr\/rte-universitesinden-recepi-emineae-velioglui-aciklamasi-kesin-oyledir-157546\/","title":{"rendered":"RTE \u00dcniversitesi&#8217;nden &#8220;Recepi, Emineae, Velioglui&#8221; a\u00e7\u0131klamas\u0131! Kesin \u00f6yledir"},"content":{"rendered":"<h1><img loading=\"lazy\" decoding=\"async\" class=\"alignleft size-large wp-image-157552\" alt=\"Recepi Emineae\" src=\"http:\/\/www.nationalturk.com\/tr\/wp-content\/uploads\/2014\/01\/recepi_emineae_sazan-314x400.jpg\" width=\"314\" height=\"400\" title=\"\" srcset=\"https:\/\/www.nationalturk.com\/tr\/wp-content\/uploads\/2014\/01\/recepi_emineae_sazan-314x400.jpg 314w, https:\/\/www.nationalturk.com\/tr\/wp-content\/uploads\/2014\/01\/recepi_emineae_sazan-173x220.jpg 173w, https:\/\/www.nationalturk.com\/tr\/wp-content\/uploads\/2014\/01\/recepi_emineae_sazan.jpg 800w\" sizes=\"auto, (max-width: 314px) 100vw, 314px\" \/><\/h1>\n<h1>Recep Tayyip Erdo\u011fan \u00dcniversitesi Su \u00dcr\u00fcnleri Fak\u00fcltesi \u00d6\u011fretim \u00dcyesi Prof. Dr. Davut Turan ve ekibince ke\u015ffedilen yeni sazan t\u00fcrlerine &#8216;Recepi, emineae ve velioglui&#8217; isimlerinin verilmesinin Ba\u015fbakan Erdo\u011fan ve e\u015fi Emine Erdo\u011fan&#8217;la ili\u015fkilendirilmesine \u00fcniversiteden tepki geldi.<\/h1>\n<p>Rekt\u00f6rl\u00fckten yap\u0131lan yaz\u0131l\u0131 a\u00e7\u0131klamada, Su \u00dcr\u00fcnleri Fak\u00fcltesi \u00d6\u011fretim \u00dcyesi Prof. Dr. Davut Turan, Prof. Dr. G\u00fcler Ekmek\u00e7i, Ara\u015ft\u0131rma G\u00f6revlisi C\u00fcneyt Kaya ile Esra Do\u011fan\u2019\u0131n F\u0131rat Nehri&#8217;nde uzun bir \u00e7al\u0131\u015fma program\u0131 yapt\u0131klar\u0131 ve \u00e7al\u0131\u015fma sonucunda \u00fc\u00e7 yeni sazan t\u00fcr\u00fcn\u00fcn ke\u015ffedildi\u011fi hat\u0131rlat\u0131ld\u0131.<\/p>\n<p>A\u00e7\u0131klamada, baz\u0131 bas\u0131n yay\u0131n organlar\u0131nda ve internet sitelerinde d\u00fcnya bilim literat\u00fcr\u00fcne kazand\u0131r\u0131lm\u0131\u015f olan \u00fc\u00e7 yeni sazan t\u00fcr\u00fcn\u00fcn isimlendirilmesi ile ilgili olarak \u00e7arp\u0131tma yap\u0131ld\u0131\u011f\u0131 vurgulanarak, \u015funlar kaydedildi:<\/p>\n<p>&#8220;Bas\u0131n yay\u0131n organlar\u0131nda &#8216;Recep Tayyip Erdo\u011fan \u00dcniversitesinin sazanlar\u0131&#8217; isimli haberler yer alm\u0131\u015ft\u0131r. \u00dcniversitemiz Su \u00dcr\u00fcnleri Fak\u00fcltesi \u00d6\u011fretim \u00dcyesi Prof. Dr. Davut Turan ve ara\u015ft\u0131rma ekibi taraf\u0131ndan F\u0131rat Nehri\u2019nde bu g\u00fcne kadar d\u00fcnya bilim literat\u00fcr\u00fcne girmemi\u015f olan \u00fc\u00e7 yeni sazan t\u00fcr\u00fc ke\u015ffedilmi\u015ftir. Daha \u00f6nce de 18 yeni t\u00fcr\u00fc d\u00fcnya faunas\u0131na kazand\u0131rm\u0131\u015f olan Prof. Dr. Davut Turan bu yeni t\u00fcrleri isimlendirirken birisine annesi Emine Turan dolay\u0131s\u0131yla &#8217;emineae&#8217;, di\u011ferine ara\u015ft\u0131rman\u0131n radyografik \u00e7ekimlerine destek vermi\u015f olan Rize Devlet Hastanesi y\u00f6neticisi Opr. Dr. Hasan Basri Velio\u011flu dolay\u0131s\u0131yla &#8216;velioglui&#8217;, bir di\u011ferine de arazi \u00e7al\u0131\u015fmalar\u0131na beraber gitti\u011fi kay\u0131nbiraderi Recep Buyurucu dolay\u0131s\u0131yla &#8216;recepi&#8217; ismini vermi\u015ftir. \u0130lim d\u00fcnyas\u0131nda yeni bulunan t\u00fcrlere isim verme gelene\u011fi var olan bir durumdur. Kald\u0131 ki ara\u015ft\u0131rmac\u0131 isimlendirmeyi hangi gerek\u00e7elerle yapm\u0131\u015f oldu\u011funu makalede belirtmi\u015ftir. Bu ara\u015ft\u0131rma indeksler taraf\u0131ndan taranan Zootaxa 3754 (2): 1001-116 (wwwn. mapress.com\/zootaxa) isimli bilimsel bir dergide yay\u0131nlanm\u0131\u015ft\u0131r.&#8221;<\/p>\n<p>Bas\u0131n yay\u0131n kurulu\u015flar\u0131n\u0131n isimler \u00fczerinden \u00e7arp\u0131tma yapt\u0131\u011f\u0131 kaydedilerek, \u015fu ifadelere yer verildi:<\/p>\n<p>&#8220;Prof. Dr. Davut Turan&#8217;\u0131n, d\u00fcnya bilim literat\u00fcr\u00fcne kazand\u0131rd\u0131\u011f\u0131 t\u00fcrleri isimlendirirken vefa \u00f6rne\u011fi g\u00f6stermesi ve d\u00fcnya faunas\u0131na \u00fc\u00e7 yeni t\u00fcr kazand\u0131rmas\u0131 dolay\u0131s\u0131yla takdir edilmesi gerekirken, ilmi bir \u00e7al\u0131\u015fman\u0131n baz\u0131 bas\u0131n yay\u0131n organlar\u0131nda \u00e7arp\u0131tarak farkl\u0131 \u015fekillerde haber yap\u0131lmas\u0131 yad\u0131rganm\u0131\u015ft\u0131r. Kamuoyuna sayg\u0131yla duyurulur.&#8221;<\/p>\n<!-- Error, Advert is not available at this time due to schedule\/geolocation restrictions! -->\n","protected":false},"excerpt":{"rendered":"<p>Recep Tayyip Erdo\u011fan \u00dcniversitesi Su \u00dcr\u00fcnleri Fak\u00fcltesi \u00d6\u011fretim \u00dcyesi Prof. Dr. Davut Turan ve ekibince ke\u015ffedilen yeni sazan t\u00fcrlerine &#8216;Recepi, emineae ve velioglui&#8217; isimlerinin verilmesinin Ba\u015fbakan Erdo\u011fan ve e\u015fi Emine Erdo\u011fan&#8217;la ili\u015fkilendirilmesine \u00fcniversiteden tepki geldi.<\/p>\n","protected":false},"author":4,"featured_media":175796,"comment_status":"open","ping_status":"open","sticky":false,"template":"","format":"standard","meta":{"_acf_changed":false,"footnotes":""},"categories":[6663,6155,5005,6202,6805],"tags":[101122],"class_list":["post-157546","post","type-post","status-publish","format-standard","has-post-thumbnail","hentry","category-egitim","category-gundem","category-manset","category-politika","category-turkiye","tag-recep-tayyip-erdogan-universitesi"],"acf":[],"_links":{"self":[{"href":"https:\/\/www.nationalturk.com\/tr\/wp-json\/wp\/v2\/posts\/157546","targetHints":{"allow":["GET"]}}],"collection":[{"href":"https:\/\/www.nationalturk.com\/tr\/wp-json\/wp\/v2\/posts"}],"about":[{"href":"https:\/\/www.nationalturk.com\/tr\/wp-json\/wp\/v2\/types\/post"}],"author":[{"embeddable":true,"href":"https:\/\/www.nationalturk.com\/tr\/wp-json\/wp\/v2\/users\/4"}],"replies":[{"embeddable":true,"href":"https:\/\/www.nationalturk.com\/tr\/wp-json\/wp\/v2\/comments?post=157546"}],"version-history":[{"count":0,"href":"https:\/\/www.nationalturk.com\/tr\/wp-json\/wp\/v2\/posts\/157546\/revisions"}],"wp:featuredmedia":[{"embeddable":true,"href":"https:\/\/www.nationalturk.com\/tr\/wp-json\/wp\/v2\/media\/175796"}],"wp:attachment":[{"href":"https:\/\/www.nationalturk.com\/tr\/wp-json\/wp\/v2\/media?parent=157546"}],"wp:term":[{"taxonomy":"category","embeddable":true,"href":"https:\/\/www.nationalturk.com\/tr\/wp-json\/wp\/v2\/categories?post=157546"},{"taxonomy":"post_tag","embeddable":true,"href":"https:\/\/www.nationalturk.com\/tr\/wp-json\/wp\/v2\/tags?post=157546"}],"curies":[{"name":"wp","href":"https:\/\/api.w.org\/{rel}","templated":true}]}}