{"id":157817,"date":"2014-01-27T16:10:24","date_gmt":"2014-01-27T14:10:24","guid":{"rendered":"http:\/\/www.nationalturk.com\/?p=157817"},"modified":"2014-01-27T16:10:24","modified_gmt":"2014-01-27T14:10:24","slug":"kubada-yelken-yapmak-kuba-adalari-turizm-haberleri-157817","status":"publish","type":"post","link":"https:\/\/www.nationalturk.com\/tr\/kubada-yelken-yapmak-kuba-adalari-turizm-haberleri-157817\/","title":{"rendered":"K\u00fcba&#8217;da Yelken Yapmak:B\u00fcrokrasi biraz zaman alsa da K\u00fcba adalar\u0131 aras\u0131nda e\u015fsiz bir zaman ge\u00e7irmeye de\u011fer \/ Turizm Haberleri"},"content":{"rendered":"<h1><a href=\"http:\/\/www.nationalturk.com\/tr\/wp-content\/uploads\/2014\/01\/K\u00fcba-Turizm-Haberleri-001.jpg\"><img loading=\"lazy\" decoding=\"async\" class=\"alignnone size-full wp-image-157855\" title=\"K\u00fcba-Turizm-Haberleri-001\" alt=\"K\u00fcba-Turizm-Haberleri-001\" src=\"http:\/\/www.nationalturk.com\/tr\/wp-content\/uploads\/2014\/01\/K\u00fcba-Turizm-Haberleri-001.jpg\" width=\"610\" height=\"405\" srcset=\"https:\/\/www.nationalturk.com\/tr\/wp-content\/uploads\/2014\/01\/K\u00fcba-Turizm-Haberleri-001.jpg 610w, https:\/\/www.nationalturk.com\/tr\/wp-content\/uploads\/2014\/01\/K\u00fcba-Turizm-Haberleri-001-280x185.jpg 280w, https:\/\/www.nationalturk.com\/tr\/wp-content\/uploads\/2014\/01\/K\u00fcba-Turizm-Haberleri-001-602x400.jpg 602w\" sizes=\"auto, (max-width: 610px) 100vw, 610px\" \/><\/a><\/h1>\n<h1>Bembeyaz toz gibi kumlar \u0131ss\u0131z adalar harika hafif bir r\u00fczgar K\u00fcba ve B\u00fcy\u00fck Antiller olarak bilinen 17. yy&#8217;da Korsanlar\u0131n merkezi olan b\u00f6lgede yelken yap\u0131p K\u00fcba \u015fehirlerini gezmek yelkenciler i\u00e7in tarifsiz bir deneyim.<\/h1>\n<p>Yelkenli gemilerin tarihi K\u00fcba&#8217;da ger\u00e7ekten&#8217;de eskiye dayan\u0131yor Kolomb&#8217;un b\u00f6lgeyi ke\u015ffetmesi ile birlikte (ki Kristof Kolomb oray\u0131 Hindistan zannediyordu bu y\u00fczden b\u00fct\u00fcn adalara Bat\u0131 Hint Tak\u0131madalar\u0131 ad\u0131n\u0131 vermi\u015fti ) Anttiler ad\u0131n\u0131 alan b\u00f6lgede K\u00fcba ticaretin ve \u0130spanyol s\u00f6m\u00fcrge y\u00f6netiminin merkezi oldu\u011fu i\u00e7in herg\u00fcn onlarca yelkenli Havana liman\u0131na girip \u00e7\u0131kmaktayd\u0131.<\/p>\n<p>Eski denizciler ve Korsanlar K\u00fcba sular\u0131n\u0131 ve havas\u0131n\u0131 severdi zira mutedil bir r\u00fczgar\u0131, \u00e7ar\u015faf gibi bir denizi ayr\u0131ca cennet gibi do\u011fal meyve a\u00e7\u0131s\u0131ndan zengin tak\u0131m adalara sahip oldu\u011fu i\u00e7in \u0130spanyol denizciler K\u00fcba&#8217;ya Isola Paradiso ismini takm\u0131\u015flard\u0131.<\/p>\n<figure id=\"attachment_157856\" aria-describedby=\"caption-attachment-157856\" style=\"width: 610px\" class=\"wp-caption alignnone\"><a href=\"http:\/\/www.nationalturk.com\/tr\/wp-content\/uploads\/2014\/01\/K\u00fcba-Turizm-Haberleri.jpg\"><img loading=\"lazy\" decoding=\"async\" class=\"size-full wp-image-157856\" title=\"K\u00fcba Avrupal\u0131 yelkencilerin yeni u\u011frak merkezi oldu ve her ge\u00e7en g\u00fcn g\u00fcmr\u00fck i\u015flerinin kolayla\u015ft\u0131r\u0131lmas\u0131 ile birlikte say\u0131 art\u0131yor\" alt=\"K\u00fcba Avrupal\u0131 yelkencilerin yeni u\u011frak merkezi oldu ve her ge\u00e7en g\u00fcn g\u00fcmr\u00fck i\u015flerinin kolayla\u015ft\u0131r\u0131lmas\u0131 ile birlikte say\u0131 art\u0131yor\" src=\"http:\/\/www.nationalturk.com\/tr\/wp-content\/uploads\/2014\/01\/K\u00fcba-Turizm-Haberleri.jpg\" width=\"610\" height=\"405\" srcset=\"https:\/\/www.nationalturk.com\/tr\/wp-content\/uploads\/2014\/01\/K\u00fcba-Turizm-Haberleri.jpg 610w, https:\/\/www.nationalturk.com\/tr\/wp-content\/uploads\/2014\/01\/K\u00fcba-Turizm-Haberleri-280x185.jpg 280w, https:\/\/www.nationalturk.com\/tr\/wp-content\/uploads\/2014\/01\/K\u00fcba-Turizm-Haberleri-602x400.jpg 602w\" sizes=\"auto, (max-width: 610px) 100vw, 610px\" \/><\/a><figcaption id=\"caption-attachment-157856\" class=\"wp-caption-text\">K\u00fcba Avrupal\u0131 yelkencilerin yeni u\u011frak merkezi oldu ve her ge\u00e7en g\u00fcn g\u00fcmr\u00fck i\u015flerinin kolayla\u015ft\u0131r\u0131lmas\u0131 ile birlikte say\u0131 art\u0131yor<\/figcaption><\/figure>\n<p>Korsanl\u0131k ve Ticari yelkenlilerin devri 250 y\u0131l \u00f6nce sona erdi ama K\u00fcba ve karasular\u0131 halen yelkenli sporuna g\u00f6n\u00fcl vermi\u015f insanlar i\u00e7in ideal bir mevki konumunda zira r\u00fczgarlar hala mutedil deniz hala \u00e7ar\u015faf gibi ve koylar sert r\u00fczgarlardan korunmak i\u00e7in hala en uygun yer.<\/p>\n<p>Ayr\u0131ca g\u00fcler y\u00fczl\u00fc ve misafirperver K\u00fcba halk\u0131 K\u00fcba k\u00fclt\u00fcr\u00fc halen sokaklar\u0131nda gezdi\u011finiz zaman sizleri 1950&#8217;lere yada \u00e7ok daha eskilere g\u00f6t\u00fcren Havana \u015fehri size muhte\u015fem bir atmosfer sunuyor.<\/p>\n<p><a href=\"http:\/\/www.nationalturk.com\/tr\/wp-content\/uploads\/2014\/01\/K\u00fcba-Havana.jpg\"><img loading=\"lazy\" decoding=\"async\" class=\"alignnone size-full wp-image-157857\" alt=\"Kuba \/ Segeln\" src=\"http:\/\/www.nationalturk.com\/tr\/wp-content\/uploads\/2014\/01\/K\u00fcba-Havana.jpg\" width=\"610\" height=\"457\" title=\"\" srcset=\"https:\/\/www.nationalturk.com\/tr\/wp-content\/uploads\/2014\/01\/K\u00fcba-Havana.jpg 610w, https:\/\/www.nationalturk.com\/tr\/wp-content\/uploads\/2014\/01\/K\u00fcba-Havana-280x209.jpg 280w, https:\/\/www.nationalturk.com\/tr\/wp-content\/uploads\/2014\/01\/K\u00fcba-Havana-533x400.jpg 533w\" sizes=\"auto, (max-width: 610px) 100vw, 610px\" \/><\/a><\/p>\n<p>Yelkenciler i\u00e7in uyar\u0131m\u0131z g\u00fcmr\u00fck i\u015flemlerini ve kontrollerinin biraz uzun s\u00fcrmesi ancak hemen korkmay\u0131n art\u0131k D\u00fcnya&#8217;n\u0131n bir\u00e7ok b\u00f6lgesinden yelkenci K\u00fcba karasular\u0131na geliyor ve 3 saatlik g\u00fcmr\u00fck kontrol\u00fc onlar\u0131 korkutmuyor zira g\u00f6rece\u011finiz ve ya\u015fayaca\u011f\u0131n\u0131z \u015feyler buna de\u011fer.<\/p>\n<p>\u00dcnl\u00fc Amerikan yazar\u0131 Ernest Hemingway&#8217;inde tekenseini ba\u011flad\u0131\u011f\u0131 Hemingway marinas\u0131na teknenizi ba\u011flay\u0131p,\u00a0daha sonra K\u00fcba sahil g\u00fcvenli\u011finden Havana ziyaret kart\u0131n\u0131z\u0131 al\u0131p ada i\u00e7inde ke\u015ffe \u00e7\u0131kabilirsiniz.<\/p>\n<figure id=\"attachment_157858\" aria-describedby=\"caption-attachment-157858\" style=\"width: 610px\" class=\"wp-caption alignnone\"><a href=\"http:\/\/www.nationalturk.com\/tr\/wp-content\/uploads\/2014\/01\/Hemingway-Marinas\u0131-K\u00fcba.jpg\"><img loading=\"lazy\" decoding=\"async\" class=\"size-full wp-image-157858\" title=\"Hemingway Marinas\u0131 Havana K\u00fcba\" alt=\"Hemingway Marinas\u0131 Havana K\u00fcba\" src=\"http:\/\/www.nationalturk.com\/tr\/wp-content\/uploads\/2014\/01\/Hemingway-Marinas\u0131-K\u00fcba.jpg\" width=\"610\" height=\"457\" srcset=\"https:\/\/www.nationalturk.com\/tr\/wp-content\/uploads\/2014\/01\/Hemingway-Marinas\u0131-K\u00fcba.jpg 610w, https:\/\/www.nationalturk.com\/tr\/wp-content\/uploads\/2014\/01\/Hemingway-Marinas\u0131-K\u00fcba-280x209.jpg 280w, https:\/\/www.nationalturk.com\/tr\/wp-content\/uploads\/2014\/01\/Hemingway-Marinas\u0131-K\u00fcba-533x400.jpg 533w\" sizes=\"auto, (max-width: 610px) 100vw, 610px\" \/><\/a><figcaption id=\"caption-attachment-157858\" class=\"wp-caption-text\">Hemingway Marinas\u0131 Havana K\u00fcba<\/figcaption><\/figure>\n<p>K\u00fcba,K\u00fcba Haberleri,Turizm Haberleri,K\u00fcba Turizm,K\u00fcba Turizm Haberleri,Havana K\u00fcba,Havana K\u00fcba Haberleri,K\u00fcba Adalar\u0131,K\u00fcba Yelken,K\u00fcba&#8217;da Yelken Yapmak,K\u00fcba Korsanlar,B\u00fcy\u00fck Antiller K\u00fcba,<\/p>\n<!-- Error, Advert is not available at this time due to schedule\/geolocation restrictions! -->\n","protected":false},"excerpt":{"rendered":"<p>Bembeyaz toz gibi kumlar \u0131ss\u0131z adalar harika hafif bir r\u00fczgar K\u00fcba ve B\u00fcy\u00fck Antiller olarak bilinen 17. yy&#8217;da Korsanlar\u0131n merkezi olan b\u00f6lgede yelken yap\u0131p K\u00fcba \u015fehirlerini gezmek yelkenciler i\u00e7in tarifsiz bir deneyim.<\/p>\n","protected":false},"author":761,"featured_media":157855,"comment_status":"open","ping_status":"open","sticky":false,"template":"","format":"standard","meta":{"_acf_changed":false,"footnotes":""},"categories":[6665,6155,6771,5005,6671,349,339],"tags":[106020,14,23857],"class_list":["post-157817","post","type-post","status-publish","format-standard","has-post-thumbnail","hentry","category-dunya","category-gundem","category-latin-amerika","category-manset","category-seyahat","category-son-dakika","category-turizm","tag-havana-kuba","tag-kuba","tag-kuba-turizm"],"acf":[],"_links":{"self":[{"href":"https:\/\/www.nationalturk.com\/tr\/wp-json\/wp\/v2\/posts\/157817","targetHints":{"allow":["GET"]}}],"collection":[{"href":"https:\/\/www.nationalturk.com\/tr\/wp-json\/wp\/v2\/posts"}],"about":[{"href":"https:\/\/www.nationalturk.com\/tr\/wp-json\/wp\/v2\/types\/post"}],"author":[{"embeddable":true,"href":"https:\/\/www.nationalturk.com\/tr\/wp-json\/wp\/v2\/users\/761"}],"replies":[{"embeddable":true,"href":"https:\/\/www.nationalturk.com\/tr\/wp-json\/wp\/v2\/comments?post=157817"}],"version-history":[{"count":0,"href":"https:\/\/www.nationalturk.com\/tr\/wp-json\/wp\/v2\/posts\/157817\/revisions"}],"wp:featuredmedia":[{"embeddable":true,"href":"https:\/\/www.nationalturk.com\/tr\/wp-json\/wp\/v2\/media\/157855"}],"wp:attachment":[{"href":"https:\/\/www.nationalturk.com\/tr\/wp-json\/wp\/v2\/media?parent=157817"}],"wp:term":[{"taxonomy":"category","embeddable":true,"href":"https:\/\/www.nationalturk.com\/tr\/wp-json\/wp\/v2\/categories?post=157817"},{"taxonomy":"post_tag","embeddable":true,"href":"https:\/\/www.nationalturk.com\/tr\/wp-json\/wp\/v2\/tags?post=157817"}],"curies":[{"name":"wp","href":"https:\/\/api.w.org\/{rel}","templated":true}]}}