{"id":158151,"date":"2014-01-30T18:39:37","date_gmt":"2014-01-30T16:39:37","guid":{"rendered":"http:\/\/www.nationalturk.com\/?p=158151"},"modified":"2024-11-26T22:04:33","modified_gmt":"2024-11-26T19:04:33","slug":"soci-kis-olimpiyatlari-fazil-say-da-sahne-alacak-158151","status":"publish","type":"post","link":"https:\/\/www.nationalturk.com\/tr\/soci-kis-olimpiyatlari-fazil-say-da-sahne-alacak-158151\/","title":{"rendered":"So\u00e7i K\u0131\u015f Olimpiyatlar\u0131&#8217;nda Faz\u0131l Say da sahne alacak"},"content":{"rendered":"<p><img loading=\"lazy\" decoding=\"async\" class=\"alignnone size-full wp-image-158152\" alt=\"Faz\u0131l Say So\u00e7i\" src=\"http:\/\/www.nationalturk.com\/tr\/wp-content\/uploads\/2014\/01\/fazil_say_trabzon1.jpg\" width=\"610\" height=\"365\" title=\"\"><\/p>\n<h1>So\u00e7i K\u0131\u015f Olimpiyat Oyunlar\u0131 i\u00e7in geri say\u0131m s\u00fcrerken k\u00fclt\u00fcr program\u0131 da a\u00e7\u0131kland\u0131. Oyunlar kapsam\u0131nda d\u00fczenlenecek Sanat K\u0131\u015f Festivali&#8217;nde Faz\u0131l Say da konser verecek.<\/h1>\n<p>So\u00e7i\u2019de yap\u0131lan Olimpiyat Oyunlar\u0131\u2019n\u0131n k\u00fclt\u00fcr program\u0131nda en \u00f6nemli etkinlik Sanat K\u0131\u015f Festivali olacak. \u00a0Moskova&#8217;da d\u00fczenlenen tan\u0131t\u0131m toplant\u0131s\u0131nda konu\u015fan Sanat K\u0131\u015f Festivali Direkt\u00f6r\u00fc Yuriy Basmet, &#8220;So\u00e7i Olimpiyatlar d\u00fcnyaya spordaki ba\u015far\u0131lar\u0131n\u0131n yan\u0131nda k\u00fclt\u00fcr\u00fcn\u00fc de tan\u0131tacak olan Rusya\u2019n\u0131n bayram\u0131 olacak&#8221; dedi.<\/p>\n<h2><a href=\"http:\/\/www.wts.com.tr\/rusya-sochi-kis-olimpiyatlari-turu.html\" target=\"_blank\" rel=\"noopener\">So\u00e7i K\u0131\u015f Olimpiyatlar\u0131&#8217;n\u0131 yerinde izlemek i\u00e7in t\u0131klay\u0131n<\/a><\/h2>\n<p>Festival \u00e7er\u00e7evesinde \u00fcnl\u00fc K\u0131\u015f Tiyatrosu, M\u00fczik Salonu ve Krasnaya Polyana\u2019da bulunan yeni \u00e7ok ama\u00e7l\u0131 Galaktika salonunda klasik m\u00fczik ve jazz konserleri, tiyatro oyunlar\u0131 ve koreografi danslar\u0131, sergiler ve sinema g\u00f6sterileri d\u00fczenlenecek.<\/p>\n<p>Rus m\u00fczisyenlerle beraber So\u00e7i\u2019ye yurtd\u0131\u015f\u0131ndan gelecek bir\u00e7ok m\u00fczik ustas\u0131n\u0131n aras\u0131nda \u0130talyan soprano Barbara Fritolli, \u0130ngiliz tenor Ian Bostridge, T\u00fcrk piyanist ve besteci Faz\u0131l Say, Finlandiyal\u0131 piyanist ve koro \u015fefi Olli Mustonen, Amerikal\u0131 jazz ustas\u0131 Brian Lynch de bulunuyor.<\/p>\n<!-- Error, Advert is not available at this time due to schedule\/geolocation restrictions! -->\n","protected":false},"excerpt":{"rendered":"<p>So\u00e7i K\u0131\u015f Olimpiyat Oyunlar\u0131 i\u00e7in geri say\u0131m s\u00fcrerken k\u00fclt\u00fcr program\u0131 da a\u00e7\u0131kland\u0131. Oyunlar kapsam\u0131nda d\u00fczenlenecek Sanat K\u0131\u015f Festivali&#8217;nde Faz\u0131l Say da konser verecek.<\/p>\n","protected":false},"author":4,"featured_media":158152,"comment_status":"open","ping_status":"open","sticky":false,"template":"","format":"standard","meta":{"_acf_changed":false,"footnotes":""},"categories":[6770,6665,6155,6221],"tags":[1585,2160,61048,721,4187,142910,151031],"class_list":["post-158151","post","type-post","status-publish","format-standard","has-post-thumbnail","hentry","category-avrupa","category-dunya","category-gundem","category-kultur","tag-fazil-say","tag-finlandiya","tag-kis-olimpiyatlari","tag-rusya","tag-soci","tag-soci-kis-oyunlari","tag-soci-olimpiyatlari"],"acf":[],"_links":{"self":[{"href":"https:\/\/www.nationalturk.com\/tr\/wp-json\/wp\/v2\/posts\/158151","targetHints":{"allow":["GET"]}}],"collection":[{"href":"https:\/\/www.nationalturk.com\/tr\/wp-json\/wp\/v2\/posts"}],"about":[{"href":"https:\/\/www.nationalturk.com\/tr\/wp-json\/wp\/v2\/types\/post"}],"author":[{"embeddable":true,"href":"https:\/\/www.nationalturk.com\/tr\/wp-json\/wp\/v2\/users\/4"}],"replies":[{"embeddable":true,"href":"https:\/\/www.nationalturk.com\/tr\/wp-json\/wp\/v2\/comments?post=158151"}],"version-history":[{"count":1,"href":"https:\/\/www.nationalturk.com\/tr\/wp-json\/wp\/v2\/posts\/158151\/revisions"}],"predecessor-version":[{"id":305461,"href":"https:\/\/www.nationalturk.com\/tr\/wp-json\/wp\/v2\/posts\/158151\/revisions\/305461"}],"wp:featuredmedia":[{"embeddable":true,"href":"https:\/\/www.nationalturk.com\/tr\/wp-json\/wp\/v2\/media\/158152"}],"wp:attachment":[{"href":"https:\/\/www.nationalturk.com\/tr\/wp-json\/wp\/v2\/media?parent=158151"}],"wp:term":[{"taxonomy":"category","embeddable":true,"href":"https:\/\/www.nationalturk.com\/tr\/wp-json\/wp\/v2\/categories?post=158151"},{"taxonomy":"post_tag","embeddable":true,"href":"https:\/\/www.nationalturk.com\/tr\/wp-json\/wp\/v2\/tags?post=158151"}],"curies":[{"name":"wp","href":"https:\/\/api.w.org\/{rel}","templated":true}]}}