{"id":158324,"date":"2014-02-03T13:22:06","date_gmt":"2014-02-03T11:22:06","guid":{"rendered":"http:\/\/www.nationalturk.com\/?p=158324"},"modified":"2014-02-03T13:22:06","modified_gmt":"2014-02-03T11:22:06","slug":"ali-ismail-korkmaz-iddianamesi-okunuyor-polisler-iyi-stres-attik-demis-158324","status":"publish","type":"post","link":"https:\/\/www.nationalturk.com\/tr\/ali-ismail-korkmaz-iddianamesi-okunuyor-polisler-iyi-stres-attik-demis-158324\/","title":{"rendered":"Ali \u0130smail Korkmaz iddianamesi okunuyor! Polisler &#8220;\u0130yi stres att\u0131k&#8221; demi\u015f"},"content":{"rendered":"<p><img loading=\"lazy\" decoding=\"async\" class=\"alignnone size-full wp-image-158325\" alt=\"Ali \u0130smail Korkmaz\" src=\"http:\/\/www.nationalturk.com\/tr\/wp-content\/uploads\/2014\/02\/ali_ismail_korkmaz_davasi_8234629.jpg\" width=\"610\" height=\"367\" title=\"\"><\/p>\n<h1>Gezi Park\u0131 direni\u015fi s\u0131ras\u0131nda Eski\u015fehir&#8217;deki eylemlerde \u00f6ld\u00fcr\u00fclen Ali \u0130smail Korkmaz davas\u0131 Kayseri&#8217;de ba\u015flad\u0131. Ali \u0130smail Korkmaz iddianamesi okunmaya ba\u015flad\u0131. \u0130ddianamede tan\u0131klar\u0131n ifadesine g\u00f6re Ali&#8217;yi d\u00f6ven polisler &#8216;iyi stres att\u0131k&#8217; demi\u015fler.<\/h1>\n<p>2 Haziran 2013&#8217;te onlarca ki\u015fi taraf\u0131ndan d\u00f6v\u00fclen, 38 g\u00fcn komada kald\u0131ktan sonra ya\u015fam\u0131n\u0131 yitiren Ali \u0130smail Korkmaz davas\u0131 bug\u00fcn Kayseri&#8217;de ba\u015flad\u0131.\u00a0Duru\u015fma nedeniyle Kayseri&#8217;de ola\u011fan\u00fcst\u00fc g\u00fcvenlik \u00f6nlemleri al\u0131nd\u0131. Duru\u015fman\u0131n g\u00f6r\u00fclece\u011fi Kayseri Adliyesi \u00fczerinde helikopter u\u00e7uyor. Adliye \u00e7evresinde 2 bin polis bulunuyor.<\/p>\n<p>Adliye \u00e7evresinde s\u0131k s\u0131k gerginlikler ya\u015fan\u0131rken duru\u015fma ba\u015flarken salonda ses krizi ya\u015fand\u0131. Ses sisteminin d\u00fc\u015f\u00fck oldu\u011fu y\u00f6n\u00fcnde yap\u0131lan itirazlar \u00fczerine sorun \u00e7\u00f6z\u00fcld\u00fc.\u00a0Duru\u015fman\u0131n g\u00f6r\u00fcld\u00fc\u011f\u00fc salonda uzman \u00e7avu\u015f oldu\u011fu belirtilen bir ki\u015finin silah\u0131 oldu\u011fu iddia edildi. Bu ki\u015fi yuhalamalar i\u00e7erisinde d\u0131\u015far\u0131ya \u00e7\u0131kar\u0131ld\u0131. Avukatlar s\u00f6z konusu silah\u0131n polisler taraf\u0131ndan sakland\u0131\u011f\u0131n\u0131 iddia etti.\u00a0\u00a0Ali \u0130smail&#8217;in annesi Emel Korkmaz, san\u0131klara, &#8220;Etraf\u0131na bakma g\u00f6zlerime bak! Annenin y\u00fcz\u00fcne nas\u0131l bak\u0131yorsun&#8221; diye ba\u011f\u0131rd\u0131.<\/p>\n<p>Ali \u0130smail Korkmaz&#8217;\u0131n \u00f6ld\u00fcr\u00fclmesi olay\u0131n\u0131n iddianamesinde san\u0131klar\u0131n, &#8220;Ali \u0130smail bize k\u00fcfrediyordu&#8221; dedi\u011fi ileri s\u00fcr\u00fcld\u00fc. Tan\u0131klar ise &#8220;Yapmay\u0131n etmeyin&#8221; dedi\u011fini belirtiyor. \u0130ddianame okunurken Ali&#8217;nin babas\u0131, &#8220;Nas\u0131l yapt\u0131n\u0131z bunu o\u011fluma&#8221; diye hayk\u0131rd\u0131.\u00a0\u00a0\u0130ddianamede tan\u0131klar\u0131n anlat\u0131m\u0131na g\u00f6re Ali \u0130smail&#8217;i \u00f6ld\u00fcren polisler &#8220;\u0130yi stres att\u0131k&#8221; demi\u015fler.<\/p>\n<!-- Error, Advert is not available at this time due to schedule\/geolocation restrictions! -->\n","protected":false},"excerpt":{"rendered":"<p>Gezi Park\u0131 direni\u015fi s\u0131ras\u0131nda Eski\u015fehir&#8217;deki eylemlerde \u00f6ld\u00fcr\u00fclen Ali \u0130smail Korkmaz davas\u0131 Kayseri&#8217;de ba\u015flad\u0131. Ali \u0130smail Korkmaz iddianamesi okunmaya ba\u015flad\u0131. \u0130ddianamede tan\u0131klar\u0131n ifadesine g\u00f6re Ali&#8217;yi d\u00f6ven polisler &#8216;iyi stres att\u0131k&#8217; demi\u015fler.<\/p>\n","protected":false},"author":4,"featured_media":158325,"comment_status":"open","ping_status":"open","sticky":false,"template":"","format":"standard","meta":{"_acf_changed":false,"footnotes":""},"categories":[6155,5005,6202,349,6805],"tags":[152969,134880,140497,152944,150592,152942,83174],"class_list":["post-158324","post","type-post","status-publish","format-standard","has-post-thumbnail","hentry","category-gundem","category-manset","category-politika","category-son-dakika","category-turkiye","tag-ali-ismail","tag-ali-ismail-korkmaz","tag-ali-ismail-korkmaz-davasi","tag-ali-ismail-korkmaz-davasi-kayseri","tag-ali-ismail-korkmaz-durusma","tag-ali-ismail-korkmaz-kayseri","tag-hukumet-istifa"],"acf":[],"_links":{"self":[{"href":"https:\/\/www.nationalturk.com\/tr\/wp-json\/wp\/v2\/posts\/158324","targetHints":{"allow":["GET"]}}],"collection":[{"href":"https:\/\/www.nationalturk.com\/tr\/wp-json\/wp\/v2\/posts"}],"about":[{"href":"https:\/\/www.nationalturk.com\/tr\/wp-json\/wp\/v2\/types\/post"}],"author":[{"embeddable":true,"href":"https:\/\/www.nationalturk.com\/tr\/wp-json\/wp\/v2\/users\/4"}],"replies":[{"embeddable":true,"href":"https:\/\/www.nationalturk.com\/tr\/wp-json\/wp\/v2\/comments?post=158324"}],"version-history":[{"count":0,"href":"https:\/\/www.nationalturk.com\/tr\/wp-json\/wp\/v2\/posts\/158324\/revisions"}],"wp:featuredmedia":[{"embeddable":true,"href":"https:\/\/www.nationalturk.com\/tr\/wp-json\/wp\/v2\/media\/158325"}],"wp:attachment":[{"href":"https:\/\/www.nationalturk.com\/tr\/wp-json\/wp\/v2\/media?parent=158324"}],"wp:term":[{"taxonomy":"category","embeddable":true,"href":"https:\/\/www.nationalturk.com\/tr\/wp-json\/wp\/v2\/categories?post=158324"},{"taxonomy":"post_tag","embeddable":true,"href":"https:\/\/www.nationalturk.com\/tr\/wp-json\/wp\/v2\/tags?post=158324"}],"curies":[{"name":"wp","href":"https:\/\/api.w.org\/{rel}","templated":true}]}}