{"id":158345,"date":"2014-02-03T16:31:57","date_gmt":"2014-02-03T14:31:57","guid":{"rendered":"http:\/\/www.nationalturk.com\/?p=158345"},"modified":"2022-09-11T15:02:44","modified_gmt":"2022-09-11T12:02:44","slug":"2014-dunya-kupasinda-kamp-programi-belli-oldu-158345","status":"publish","type":"post","link":"https:\/\/www.nationalturk.com\/tr\/2014-dunya-kupasinda-kamp-programi-belli-oldu-158345\/","title":{"rendered":"2014 D\u00fcnya Kupas\u0131&#8217;nda kamp program\u0131 belli oldu"},"content":{"rendered":"<p><img loading=\"lazy\" decoding=\"async\" class=\"alignleft size-medium wp-image-158347\" alt=\"\" src=\"http:\/\/www.nationalturk.com\/tr\/wp-content\/uploads\/2014\/02\/dunya_kupasi_stat-280x210.jpg\" width=\"280\" height=\"210\" title=\"\" srcset=\"https:\/\/www.nationalturk.com\/tr\/wp-content\/uploads\/2014\/02\/dunya_kupasi_stat-280x210.jpg 280w, https:\/\/www.nationalturk.com\/tr\/wp-content\/uploads\/2014\/02\/dunya_kupasi_stat.jpg 400w\" sizes=\"auto, (max-width: 280px) 100vw, 280px\" \/><\/p>\n<h1>12 Haziran &#8211; 13 Temmuz tarihleri aras\u0131nda yap\u0131lacak FIFA 2014 D\u00fcnya Kupas\u0131&#8217;na kat\u0131lacak \u00fclkelerin kamp yapaca\u011f\u0131 yerler belli oldu.<\/h1>\n<p>2014 D\u00fcnya Kupas\u0131&#8217;na kat\u0131lacak 32 tak\u0131m\u0131n kamp yapaca\u011f\u0131 yerler \u015f\u00f6yle;<\/p>\n<p>ABD: Sao Paulo<\/p>\n<p>Almanya: Santa Cruz Cabralia<\/p>\n<p>Arjantin: Vespasiano<\/p>\n<p>Avustralya: Vitoria<\/p>\n<p>Bel\u00e7ika: Mogi das Cruzes<\/p>\n<p>Bosna Hersek: Guaruja<\/p>\n<p>Brezilya: Teresopolis<\/p>\n<p>Cezayir: Sorocaba<\/p>\n<p>Ekvador: Viamao<\/p>\n<p>Fildi\u015fi Sahili: Aguas de Lindoia<\/p>\n<p>Fransa: Ribeirao Preto<\/p>\n<p>Gana: Maceio<\/p>\n<p>H\u0131rvatistan: Mata de Sao Joao<\/p>\n<p>Hollanda: Rio de Janeiro<\/p>\n<p>Honduras: Porto Feliz<\/p>\n<p>Japonya: Itu<\/p>\n<p>Kamerun: Vitoria<\/p>\n<p>Kolombiya: Cotia<\/p>\n<p>Kore Cumhuriyeti: Foz do Iguacu<\/p>\n<p>Kosta Rika: Santos<\/p>\n<p>Meksika: Santos<\/p>\n<p>Nijerya: Campinas<\/p>\n<p>\u0130ngiltere: Rio de Janeiro<\/p>\n<p>\u0130ran: Guarulhos<\/p>\n<p>\u0130spanya: Curitiba<\/p>\n<p>\u0130svi\u00e7re: Porto Seguro<\/p>\n<p>\u0130talya: Mangaratiba<\/p>\n<p>Portekiz: Campinas<\/p>\n<p>Rusya: Itu<\/p>\n<p>\u015eili: Belo Horizonte<\/p>\n<p>Uruguay: Sete Lagoas<\/p>\n<p>Yunanistan: Aracaju<\/p>\n<!-- Error, Advert is not available at this time due to schedule\/geolocation restrictions! -->\n","protected":false},"excerpt":{"rendered":"<p>12 Haziran &#8211; 13 Temmuz tarihleri aras\u0131nda yap\u0131lacak FIFA 2014 D\u00fcnya Kupas\u0131&#8217;na kat\u0131lacak \u00fclkelerin kamp yapaca\u011f\u0131 yerler belli oldu.<\/p>\n","protected":false},"author":4,"featured_media":175666,"comment_status":"open","ping_status":"open","sticky":false,"template":"","format":"standard","meta":{"_acf_changed":false,"footnotes":""},"categories":[8244,220816],"tags":[113687,54846,1178,54845,6595,31368,863,152993],"class_list":["post-158345","post","type-post","status-publish","format-standard","has-post-thumbnail","hentry","category-fifa-dunya-kupasi","category-uzak-dogu","tag-2014-brezilya-dunya-kupasi","tag-2014-dunya-kupasi","tag-brezilya","tag-brezilya-2014","tag-dunya-kupasi","tag-dunya-kupasi-mac-programi","tag-japonya","tag-kamp"],"acf":[],"_links":{"self":[{"href":"https:\/\/www.nationalturk.com\/tr\/wp-json\/wp\/v2\/posts\/158345","targetHints":{"allow":["GET"]}}],"collection":[{"href":"https:\/\/www.nationalturk.com\/tr\/wp-json\/wp\/v2\/posts"}],"about":[{"href":"https:\/\/www.nationalturk.com\/tr\/wp-json\/wp\/v2\/types\/post"}],"author":[{"embeddable":true,"href":"https:\/\/www.nationalturk.com\/tr\/wp-json\/wp\/v2\/users\/4"}],"replies":[{"embeddable":true,"href":"https:\/\/www.nationalturk.com\/tr\/wp-json\/wp\/v2\/comments?post=158345"}],"version-history":[{"count":0,"href":"https:\/\/www.nationalturk.com\/tr\/wp-json\/wp\/v2\/posts\/158345\/revisions"}],"wp:featuredmedia":[{"embeddable":true,"href":"https:\/\/www.nationalturk.com\/tr\/wp-json\/wp\/v2\/media\/175666"}],"wp:attachment":[{"href":"https:\/\/www.nationalturk.com\/tr\/wp-json\/wp\/v2\/media?parent=158345"}],"wp:term":[{"taxonomy":"category","embeddable":true,"href":"https:\/\/www.nationalturk.com\/tr\/wp-json\/wp\/v2\/categories?post=158345"},{"taxonomy":"post_tag","embeddable":true,"href":"https:\/\/www.nationalturk.com\/tr\/wp-json\/wp\/v2\/tags?post=158345"}],"curies":[{"name":"wp","href":"https:\/\/api.w.org\/{rel}","templated":true}]}}