{"id":158635,"date":"2014-02-07T10:20:55","date_gmt":"2014-02-07T08:20:55","guid":{"rendered":"http:\/\/www.nationalturk.com\/?p=158635"},"modified":"2014-02-07T10:20:55","modified_gmt":"2014-02-07T08:20:55","slug":"kazakistan-icin-yeni-isim-onerisi-158635","status":"publish","type":"post","link":"https:\/\/www.nationalturk.com\/tr\/kazakistan-icin-yeni-isim-onerisi-158635\/","title":{"rendered":"Kazakistan i\u00e7in yeni isim \u00f6nerisi"},"content":{"rendered":"<h1><a href=\"http:\/\/www.nationalturk.com\/tr\/wp-content\/uploads\/2014\/02\/Kazakistan-Nursultan-Nazarbayev.jpg\"><img loading=\"lazy\" decoding=\"async\" class=\"aligncenter size-full wp-image-158636\" alt=\"Kazakistan-Nursultan-Nazarbayev\" src=\"http:\/\/www.nationalturk.com\/tr\/wp-content\/uploads\/2014\/02\/Kazakistan-Nursultan-Nazarbayev.jpg\" width=\"600\" height=\"340\" title=\"\" srcset=\"https:\/\/www.nationalturk.com\/tr\/wp-content\/uploads\/2014\/02\/Kazakistan-Nursultan-Nazarbayev.jpg 600w, https:\/\/www.nationalturk.com\/tr\/wp-content\/uploads\/2014\/02\/Kazakistan-Nursultan-Nazarbayev-280x158.jpg 280w\" sizes=\"auto, (max-width: 600px) 100vw, 600px\" \/><\/a>Kazakistan Cumhurba\u015fkan\u0131 Nursultan Nazarbayev, \u00fclkesinin isminin Kazak T\u00fcrk\u00e7esindeki haliyle &#8220;Kazak Eli&#8221; olarak de\u011fi\u015ftirilmesini \u00f6nerdi.<\/h1>\n<p>Nazarbayev, isim \u00fczerinde yap\u0131lacak muhtemel bir de\u011fi\u015fikli\u011fin kamuoyu \u00f6n\u00fcnde tart\u0131\u015f\u0131lmas\u0131 gerekti\u011fini s\u00f6yledi.<\/p>\n<p><a href=\"http:\/\/www.wts.com.tr\/kazakistan-turlari.htm\" target=\"_blank\" rel=\"noopener\">Kazakistan<\/a> Cumhurba\u015fkanl\u0131\u011f\u0131&#8217;n\u0131n resmi internet sitesi, Nazarbayev\u2019in Kazakistan&#8217;\u0131n ana liman \u015fehri At\u0131rav\u2019da bir okul ziyareti s\u0131ras\u0131nda yapt\u0131\u011f\u0131 a\u00e7\u0131klamaya verdi.<\/p>\n<p><a href=\"http:\/\/www.wts.com.tr\/kazakistan-turlari.htm\" target=\"_blank\" rel=\"noopener\">Kazakistan<\/a>\u2019\u0131n yer bildiren &#8220;stan&#8221; ekiyle bitti\u011fini hat\u0131rlatan Nazarbayev, \u00fclke ad\u0131n\u0131n Kazak T\u00fcrk\u00e7esindeki s\u00f6yleni\u015fi olan &#8220;Kazak Eli&#8221;nin, yeni bir isim olarak d\u00fc\u015f\u00fcn\u00fclebilece\u011fini ifade etti. Nazarbayev, &#8220;Ancak b\u00f6yle bir de\u011fi\u015fikli\u011fin kamuoyu \u00f6n\u00fcnde tart\u0131\u015f\u0131lmas\u0131 gerekir&#8221; dedi.<\/p>\n<p><a href=\"http:\/\/www.wts.com.tr\/kazakistan-turlari.htm\" target=\"_blank\" rel=\"noopener\">Kazakistan<\/a>\u2019\u0131n ad\u0131n\u0131n Orta Asya\u2019daki bir\u00e7ok \u00fclke gibi &#8220;stan&#8221; ile bitti\u011fine i\u015faret eden Nazarbayev, ismi farkl\u0131 olan baz\u0131 \u00fclkelerin az n\u00fcfuslar\u0131 olmalar\u0131na kar\u015f\u0131n daha fazla ilgi \u00e7ekti\u011fini savundu.<\/p>\n<!-- Error, Advert is not available at this time due to schedule\/geolocation restrictions! -->\n","protected":false},"excerpt":{"rendered":"<p>Kazakistan Cumhurba\u015fkan\u0131 Nursultan Nazarbayev, \u00fclkesinin isminin Kazak T\u00fcrk\u00e7esindeki haliyle &#8220;Kazak Eli&#8221; olarak de\u011fi\u015ftirilmesini \u00f6nerdi.<\/p>\n","protected":false},"author":3,"featured_media":158636,"comment_status":"open","ping_status":"open","sticky":false,"template":"","format":"standard","meta":{"_acf_changed":false,"footnotes":""},"categories":[6155,6202,339,6662],"tags":[7275,4269],"class_list":["post-158635","post","type-post","status-publish","format-standard","has-post-thumbnail","hentry","category-gundem","category-politika","category-turizm","category-yasam","tag-kazakistan","tag-nursultan-nazarbayev"],"acf":[],"_links":{"self":[{"href":"https:\/\/www.nationalturk.com\/tr\/wp-json\/wp\/v2\/posts\/158635","targetHints":{"allow":["GET"]}}],"collection":[{"href":"https:\/\/www.nationalturk.com\/tr\/wp-json\/wp\/v2\/posts"}],"about":[{"href":"https:\/\/www.nationalturk.com\/tr\/wp-json\/wp\/v2\/types\/post"}],"author":[{"embeddable":true,"href":"https:\/\/www.nationalturk.com\/tr\/wp-json\/wp\/v2\/users\/3"}],"replies":[{"embeddable":true,"href":"https:\/\/www.nationalturk.com\/tr\/wp-json\/wp\/v2\/comments?post=158635"}],"version-history":[{"count":0,"href":"https:\/\/www.nationalturk.com\/tr\/wp-json\/wp\/v2\/posts\/158635\/revisions"}],"wp:featuredmedia":[{"embeddable":true,"href":"https:\/\/www.nationalturk.com\/tr\/wp-json\/wp\/v2\/media\/158636"}],"wp:attachment":[{"href":"https:\/\/www.nationalturk.com\/tr\/wp-json\/wp\/v2\/media?parent=158635"}],"wp:term":[{"taxonomy":"category","embeddable":true,"href":"https:\/\/www.nationalturk.com\/tr\/wp-json\/wp\/v2\/categories?post=158635"},{"taxonomy":"post_tag","embeddable":true,"href":"https:\/\/www.nationalturk.com\/tr\/wp-json\/wp\/v2\/tags?post=158635"}],"curies":[{"name":"wp","href":"https:\/\/api.w.org\/{rel}","templated":true}]}}