{"id":158802,"date":"2014-02-10T11:50:18","date_gmt":"2014-02-10T09:50:18","guid":{"rendered":"http:\/\/www.nationalturk.com\/?p=158802"},"modified":"2014-02-10T11:50:18","modified_gmt":"2014-02-10T09:50:18","slug":"fransada-taksi-grevi-158802","status":"publish","type":"post","link":"https:\/\/www.nationalturk.com\/tr\/fransada-taksi-grevi-158802\/","title":{"rendered":"Fransa&#8217;da taksi grevi"},"content":{"rendered":"<p><img loading=\"lazy\" decoding=\"async\" class=\"alignnone size-full wp-image-158803\" alt=\"Fransa taksi grevi\" src=\"http:\/\/www.nationalturk.com\/tr\/wp-content\/uploads\/2014\/02\/fransa_taksi_grev.jpg\" width=\"610\" height=\"345\" title=\"\" srcset=\"https:\/\/www.nationalturk.com\/tr\/wp-content\/uploads\/2014\/02\/fransa_taksi_grev.jpg 610w, https:\/\/www.nationalturk.com\/tr\/wp-content\/uploads\/2014\/02\/fransa_taksi_grev-280x158.jpg 280w\" sizes=\"auto, (max-width: 610px) 100vw, 610px\" \/><\/p>\n<h1>Fransa&#8217;da \u00fclke \u00e7ap\u0131ndaki 55 bin taksi greve gitti. Uber uygulamas\u0131n\u0131n korsan taksi anlam\u0131na geldi\u011fini iddia eden taksiciler ba\u015fkent Paris&#8217;te trafi\u011fi fel\u00e7 etti.<\/h1>\n<p>Paris&#8217;teki Charles De Gaulle ve Orly havalimanlar\u0131ndaki taksiciler, \u015fof\u00f6rl\u00fc \u00f6zel ara\u00e7 hizmeti sunan \u015firketlerin haks\u0131z kazan\u00e7 sa\u011flad\u0131\u011f\u0131 gerek\u00e7esiyle, sabah saatlerinde \u015fehrin ana arterleri A1 ve A6 yoluna topluca \u00e7\u0131karak trafi\u011fi durdurma eylemi yapt\u0131. Taksiciler ad\u0131na a\u00e7\u0131klama yapan\u00a0Daniel Bonamy, ak\u0131ll\u0131 telefonlar i\u00e7in geli\u015ftirilen ve m\u00fc\u015fterilere \u015fof\u00f6rl\u00fc \u00f6zel ara\u00e7 hizmeti sunan &#8220;Uber&#8221; uygulamas\u0131n\u0131n haks\u0131z kazanca yol a\u00e7mas\u0131n\u0131 protesto etmek amac\u0131yla, yakla\u015f\u0131k bin taksinin 2 havaliman\u0131ndan \u015fehrin \u00fcnl\u00fc meydanlar\u0131ndan Trocadero&#8217;ya do\u011fru yola \u00e7\u0131kt\u0131\u011f\u0131n\u0131 belirtti.<\/p>\n<p>Paris&#8217;in yan\u0131 s\u0131ra Marsilya, Nantes, Dijon, Lyon, Bordeaux, Toulouse ve Montpellier \u015fehirlerinde toplamda 55 bin taksinin, bug\u00fcn ayn\u0131 anda eylem yapt\u0131\u011f\u0131 bildirildi.<\/p>\n<p>M\u00fc\u015fterilerine istedikleri yerde ve zamanda \u015fof\u00f6rl\u00fc \u00f6zel ara\u00e7 tahsis eden &#8220;Uber&#8221; uygulamas\u0131, \u00fclkede uzun s\u00fcredir taksicilerin ve sendikalar\u0131n hedefinde. Uygulaman\u0131n bir nevi korsan taksi hizmeti verdi\u011fi iddia edilirken, &#8220;Uber&#8221; taksi \u015fof\u00f6rlerinin, m\u00fc\u015fterilerden istek geldikten 15 dakika sonra hareket etmesi y\u00f6n\u00fcnde bir yasa \u00e7\u0131kar\u0131lm\u0131\u015ft\u0131. Ancak, Dan\u0131\u015ftay&#8217;\u0131n s\u00f6z konusu yasay\u0131 \u00e7ar\u015famba g\u00fcn\u00fc ask\u0131ya almas\u0131yla tart\u0131\u015fmalar yeniden alevlenmi\u015f oldu.<\/p>\n<!-- Error, Advert is not available at this time due to schedule\/geolocation restrictions! -->\n","protected":false},"excerpt":{"rendered":"<p>Fransa&#8217;da \u00fclke \u00e7ap\u0131ndaki 55 bin taksi greve gitti. Uber uygulamas\u0131n\u0131n korsan taksi anlam\u0131na geldi\u011fini iddia eden taksiciler ba\u015fkent Paris&#8217;te trafi\u011fi fel\u00e7 etti.<\/p>\n","protected":false},"author":4,"featured_media":158803,"comment_status":"open","ping_status":"open","sticky":false,"template":"","format":"standard","meta":{"_acf_changed":false,"footnotes":""},"categories":[6770,6665,6662],"tags":[17,153540,12,136354,153543],"class_list":["post-158802","post","type-post","status-publish","format-standard","has-post-thumbnail","hentry","category-avrupa","category-dunya","category-yasam","tag-fransa","tag-fransa-eylem","tag-paris","tag-paris-eylem","tag-uber"],"acf":[],"_links":{"self":[{"href":"https:\/\/www.nationalturk.com\/tr\/wp-json\/wp\/v2\/posts\/158802","targetHints":{"allow":["GET"]}}],"collection":[{"href":"https:\/\/www.nationalturk.com\/tr\/wp-json\/wp\/v2\/posts"}],"about":[{"href":"https:\/\/www.nationalturk.com\/tr\/wp-json\/wp\/v2\/types\/post"}],"author":[{"embeddable":true,"href":"https:\/\/www.nationalturk.com\/tr\/wp-json\/wp\/v2\/users\/4"}],"replies":[{"embeddable":true,"href":"https:\/\/www.nationalturk.com\/tr\/wp-json\/wp\/v2\/comments?post=158802"}],"version-history":[{"count":0,"href":"https:\/\/www.nationalturk.com\/tr\/wp-json\/wp\/v2\/posts\/158802\/revisions"}],"wp:featuredmedia":[{"embeddable":true,"href":"https:\/\/www.nationalturk.com\/tr\/wp-json\/wp\/v2\/media\/158803"}],"wp:attachment":[{"href":"https:\/\/www.nationalturk.com\/tr\/wp-json\/wp\/v2\/media?parent=158802"}],"wp:term":[{"taxonomy":"category","embeddable":true,"href":"https:\/\/www.nationalturk.com\/tr\/wp-json\/wp\/v2\/categories?post=158802"},{"taxonomy":"post_tag","embeddable":true,"href":"https:\/\/www.nationalturk.com\/tr\/wp-json\/wp\/v2\/tags?post=158802"}],"curies":[{"name":"wp","href":"https:\/\/api.w.org\/{rel}","templated":true}]}}