{"id":158820,"date":"2014-02-10T15:22:27","date_gmt":"2014-02-10T13:22:27","guid":{"rendered":"http:\/\/www.nationalturk.com\/?p=158820"},"modified":"2022-10-04T09:51:31","modified_gmt":"2022-10-04T06:51:31","slug":"saarc-toplantisi-maldivler-158820","status":"publish","type":"post","link":"https:\/\/www.nationalturk.com\/tr\/saarc-toplantisi-maldivler-158820\/","title":{"rendered":"SAARC D\u0131\u015fi\u015fleri Bakanlar\u0131 toplant\u0131s\u0131 Maldivler&#8217;de"},"content":{"rendered":"<h1><img loading=\"lazy\" decoding=\"async\" class=\"alignleft size-medium wp-image-158821\" alt=\"Saarc toplant\u0131s\u0131\" src=\"http:\/\/www.nationalturk.com\/tr\/wp-content\/uploads\/2014\/02\/saarc_toplantisi-280x162.jpg\" width=\"280\" height=\"162\" title=\"\" srcset=\"https:\/\/www.nationalturk.com\/tr\/wp-content\/uploads\/2014\/02\/saarc_toplantisi-280x162.jpg 280w, https:\/\/www.nationalturk.com\/tr\/wp-content\/uploads\/2014\/02\/saarc_toplantisi-610x352.jpg 610w, https:\/\/www.nationalturk.com\/tr\/wp-content\/uploads\/2014\/02\/saarc_toplantisi.jpg 636w\" sizes=\"auto, (max-width: 280px) 100vw, 280px\" \/><\/h1>\n<h1>G\u00fcney Asya B\u00f6lgesel \u0130\u015fbirli\u011fi Te\u015fkilat\u0131 (SAARC) D\u0131\u015fi\u015fleri Bakanlar\u0131 Maldivler&#8217;de toplan\u0131yor. SAARC bakanlar toplant\u0131s\u0131nda te\u015fkilat\u0131n 2014 zirvesi i\u00e7in planlama yap\u0131lmas\u0131 bekleniyor.<\/h1>\n<p>SAARC 17-20 \u015eubat aras\u0131nda Maldivler &#8216;de toplanacak. SAARC D\u0131\u015fi\u015fleri Bakanlar\u0131 toplant\u0131s\u0131nda SAARC Zirvesi i\u00e7in bir tarih belirlenecek. Resmi kaynaklar taraf\u0131ndan SAARC 2014 zirvesi i\u00e7in kesin bir a\u00e7\u0131klama yap\u0131lmasa da zirvenin Kas\u0131m veya Aral\u0131k ay\u0131nda ger\u00e7ekle\u015ftirilmesi bekleniyor.<\/p>\n<p>Hindistan, Afganistan, Pakistan, Sri Lanka, Nepal, Banglade\u015f, Butan ve Maldivler D\u0131\u015fi\u015fleri Bakanlar\u0131&#8217;n\u0131n kat\u0131laca\u011f\u0131 toplant\u0131 17-20 \u015eubat tarihleri aras\u0131nda d\u00fczenlenecek.<\/p>\n<!-- Error, Advert is not available at this time due to schedule\/geolocation restrictions! -->\n","protected":false},"excerpt":{"rendered":"<p>G\u00fcney Asya B\u00f6lgesel \u0130\u015fbirli\u011fi Te\u015fkilat\u0131 (SAARC) D\u0131\u015fi\u015fleri Bakanlar\u0131 Maldivler&#8217;de toplan\u0131yor. SAARC bakanlar toplant\u0131s\u0131nda te\u015fkilat\u0131n 2014 zirvesi i\u00e7in planlama yap\u0131lmas\u0131 bekleniyor.<\/p>\n","protected":false},"author":4,"featured_media":175583,"comment_status":"open","ping_status":"open","sticky":false,"template":"","format":"standard","meta":{"_acf_changed":false,"footnotes":""},"categories":[6769,6665,6155,220968,6202],"tags":[6628,22320,82761,1380,841,10937,2547,2131],"class_list":["post-158820","post","type-post","status-publish","format-standard","has-post-thumbnail","hentry","category-asya","category-dunya","category-gundem","category-maldivler","category-politika","tag-afganistan","tag-banglades","tag-butan","tag-hindistan","tag-maldivler","tag-nepal","tag-pakistan","tag-sri-lanka"],"acf":[],"_links":{"self":[{"href":"https:\/\/www.nationalturk.com\/tr\/wp-json\/wp\/v2\/posts\/158820","targetHints":{"allow":["GET"]}}],"collection":[{"href":"https:\/\/www.nationalturk.com\/tr\/wp-json\/wp\/v2\/posts"}],"about":[{"href":"https:\/\/www.nationalturk.com\/tr\/wp-json\/wp\/v2\/types\/post"}],"author":[{"embeddable":true,"href":"https:\/\/www.nationalturk.com\/tr\/wp-json\/wp\/v2\/users\/4"}],"replies":[{"embeddable":true,"href":"https:\/\/www.nationalturk.com\/tr\/wp-json\/wp\/v2\/comments?post=158820"}],"version-history":[{"count":0,"href":"https:\/\/www.nationalturk.com\/tr\/wp-json\/wp\/v2\/posts\/158820\/revisions"}],"wp:featuredmedia":[{"embeddable":true,"href":"https:\/\/www.nationalturk.com\/tr\/wp-json\/wp\/v2\/media\/175583"}],"wp:attachment":[{"href":"https:\/\/www.nationalturk.com\/tr\/wp-json\/wp\/v2\/media?parent=158820"}],"wp:term":[{"taxonomy":"category","embeddable":true,"href":"https:\/\/www.nationalturk.com\/tr\/wp-json\/wp\/v2\/categories?post=158820"},{"taxonomy":"post_tag","embeddable":true,"href":"https:\/\/www.nationalturk.com\/tr\/wp-json\/wp\/v2\/tags?post=158820"}],"curies":[{"name":"wp","href":"https:\/\/api.w.org\/{rel}","templated":true}]}}