{"id":159161,"date":"2014-02-13T17:11:33","date_gmt":"2014-02-13T15:11:33","guid":{"rendered":"http:\/\/www.nationalturk.com\/?p=159161"},"modified":"2014-02-13T17:11:33","modified_gmt":"2014-02-13T15:11:33","slug":"son-dakika-abdullah-gulden-internet-sansurune-veto-sinyali-159161","status":"publish","type":"post","link":"https:\/\/www.nationalturk.com\/tr\/son-dakika-abdullah-gulden-internet-sansurune-veto-sinyali-159161\/","title":{"rendered":"Son Dakika! Abdullah G\u00fcl&#8217;den internet sans\u00fcr\u00fcne veto sinyali"},"content":{"rendered":"<p><img loading=\"lazy\" decoding=\"async\" class=\"alignleft size-medium wp-image-159162\" alt=\"Abdullah G\u00fcl\" src=\"http:\/\/www.nationalturk.com\/tr\/wp-content\/uploads\/2014\/02\/abdullah____gul_havaalani-280x196.jpg\" width=\"280\" height=\"196\" title=\"\" srcset=\"https:\/\/www.nationalturk.com\/tr\/wp-content\/uploads\/2014\/02\/abdullah____gul_havaalani-280x196.jpg 280w, https:\/\/www.nationalturk.com\/tr\/wp-content\/uploads\/2014\/02\/abdullah____gul_havaalani.jpg 460w\" sizes=\"auto, (max-width: 280px) 100vw, 280px\" \/><\/p>\n<h1>Cumhurba\u015fkan\u0131 Abdullah G\u00fcl, internet sans\u00fcr\u00fcyle ilgili olarak ilk kez konu\u015ftu. G\u00fcl, &#8216;Yasa \u00fczerinde \u00e7al\u0131\u015f\u0131yoruz, bir iki s\u0131k\u0131nt\u0131l\u0131 konu var \u00fczerinde \u00e7al\u0131\u015f\u0131yoruz&#8217; dedi. \/\u00a0Son Dakika! Abdullah G\u00fcl&#8217;den internet sans\u00fcr\u00fcne veto sinyali&#8230;<\/h1>\n<p>Pakistan Ba\u015fbakan\u0131 Navaz \u015eerif ve Afganistan Cumhurba\u015fkan\u0131 Hamid Karzai ile bas\u0131n toplant\u0131s\u0131 d\u00fczenleyen Cumhurba\u015fkan\u0131 Abdullah G\u00fcl,\u00a0internet d\u00fczenlemesiyle ilgili soruya, &#8220;Yasa \u00fczerinde \u00e7al\u0131\u015f\u0131yoruz, bir iki s\u0131k\u0131nt\u0131l\u0131 konu var \u00fczerinde \u00e7al\u0131\u015f\u0131yoruz&#8221; yan\u0131t\u0131n\u0131 verdi.<\/p>\n<!-- Error, Advert is not available at this time due to schedule\/geolocation restrictions! -->\n","protected":false},"excerpt":{"rendered":"<p>Cumhurba\u015fkan\u0131 Abdullah G\u00fcl, internet sans\u00fcr\u00fcyle ilgili olarak ilk kez konu\u015ftu. G\u00fcl, &#8216;Yasa \u00fczerinde \u00e7al\u0131\u015f\u0131yoruz, bir iki s\u0131k\u0131nt\u0131l\u0131 konu var \u00fczerinde \u00e7al\u0131\u015f\u0131yoruz&#8217; dedi. \/ Son Dakika! Abdullah G\u00fcl&#8217;den internet sans\u00fcr\u00fcne veto sinyali&#8230;<\/p>\n","protected":false},"author":4,"featured_media":175537,"comment_status":"open","ping_status":"open","sticky":false,"template":"","format":"standard","meta":{"_acf_changed":false,"footnotes":""},"categories":[6155,5005,6202,349,6805],"tags":[4343,109496,86597,7697,76419,27382],"class_list":["post-159161","post","type-post","status-publish","format-standard","has-post-thumbnail","hentry","category-gundem","category-manset","category-politika","category-son-dakika","category-turkiye","tag-abdullah-gul","tag-abdullah-gul-son-dakika","tag-abdullah-gul-veto","tag-hamid-karzai","tag-internet-sansuru","tag-son-dakika"],"acf":[],"_links":{"self":[{"href":"https:\/\/www.nationalturk.com\/tr\/wp-json\/wp\/v2\/posts\/159161","targetHints":{"allow":["GET"]}}],"collection":[{"href":"https:\/\/www.nationalturk.com\/tr\/wp-json\/wp\/v2\/posts"}],"about":[{"href":"https:\/\/www.nationalturk.com\/tr\/wp-json\/wp\/v2\/types\/post"}],"author":[{"embeddable":true,"href":"https:\/\/www.nationalturk.com\/tr\/wp-json\/wp\/v2\/users\/4"}],"replies":[{"embeddable":true,"href":"https:\/\/www.nationalturk.com\/tr\/wp-json\/wp\/v2\/comments?post=159161"}],"version-history":[{"count":0,"href":"https:\/\/www.nationalturk.com\/tr\/wp-json\/wp\/v2\/posts\/159161\/revisions"}],"wp:featuredmedia":[{"embeddable":true,"href":"https:\/\/www.nationalturk.com\/tr\/wp-json\/wp\/v2\/media\/175537"}],"wp:attachment":[{"href":"https:\/\/www.nationalturk.com\/tr\/wp-json\/wp\/v2\/media?parent=159161"}],"wp:term":[{"taxonomy":"category","embeddable":true,"href":"https:\/\/www.nationalturk.com\/tr\/wp-json\/wp\/v2\/categories?post=159161"},{"taxonomy":"post_tag","embeddable":true,"href":"https:\/\/www.nationalturk.com\/tr\/wp-json\/wp\/v2\/tags?post=159161"}],"curies":[{"name":"wp","href":"https:\/\/api.w.org\/{rel}","templated":true}]}}