{"id":159221,"date":"2014-02-14T12:22:12","date_gmt":"2014-02-14T10:22:12","guid":{"rendered":"http:\/\/www.nationalturk.com\/?p=159221"},"modified":"2014-02-14T12:22:12","modified_gmt":"2014-02-14T10:22:12","slug":"chpli-aylin-nazliaka-kabatas-olayi-dupeduz-devlet-provokasyonu-159221","status":"publish","type":"post","link":"https:\/\/www.nationalturk.com\/tr\/chpli-aylin-nazliaka-kabatas-olayi-dupeduz-devlet-provokasyonu-159221\/","title":{"rendered":"CHP&#8217;li Aylin Nazl\u0131aka: Kabata\u015f olay\u0131 d\u00fcped\u00fcz devlet provokasyonu"},"content":{"rendered":"<p><img loading=\"lazy\" decoding=\"async\" class=\"alignnone size-large wp-image-159222\" alt=\"Aylin Nazl\u0131aka\" src=\"http:\/\/www.nationalturk.com\/tr\/wp-content\/uploads\/2014\/02\/aylin_nazliaka_kabatas-610x388.jpg\" width=\"610\" height=\"388\" title=\"\" srcset=\"https:\/\/www.nationalturk.com\/tr\/wp-content\/uploads\/2014\/02\/aylin_nazliaka_kabatas-610x388.jpg 610w, https:\/\/www.nationalturk.com\/tr\/wp-content\/uploads\/2014\/02\/aylin_nazliaka_kabatas-280x178.jpg 280w, https:\/\/www.nationalturk.com\/tr\/wp-content\/uploads\/2014\/02\/aylin_nazliaka_kabatas-900x573.jpg 900w, https:\/\/www.nationalturk.com\/tr\/wp-content\/uploads\/2014\/02\/aylin_nazliaka_kabatas.jpg 1200w\" sizes=\"auto, (max-width: 610px) 100vw, 610px\" \/><\/p>\n<h1>CHP Ankara Milletvekili Aylin Nazl\u0131aka, \u0130stanbul Kabata\u015f&#8217;da ba\u015f\u00f6rt\u00fcl\u00fc bir kad\u0131na y\u00f6nelik iddialar\u0131n ger\u00e7ek olmad\u0131\u011f\u0131n\u0131n ortaya \u00e7\u0131kt\u0131\u011f\u0131n\u0131 belirterek, &#8216;Olay d\u00fcped\u00fcz bir devlet provokasyonudur&#8217; dedi.<\/h1>\n<p>Nazl\u0131aka, Meclis&#8217;te d\u00fczenledi\u011fi bas\u0131n toplant\u0131s\u0131nda, 2013 y\u0131l\u0131n\u0131n kad\u0131nlar a\u00e7\u0131s\u0131ndan erkek \u015fiddetiyle ge\u00e7en bir y\u0131l oldu\u011funu vurgulayarak, buna Gezi ve toplumsal olaylarda kad\u0131nlara y\u00f6nelik g\u00f6zalt\u0131 s\u0131ras\u0131nda uygulanan devlet \u015fiddetinin de eklendi\u011fini ifade etti. Resmi olmayan ve ula\u015fabildikleri verilere g\u00f6re, erkeklerin 2013 y\u0131l\u0131nda 214 kad\u0131n ve 10 \u00e7ocu\u011fu \u00f6ld\u00fcrd\u00fc\u011f\u00fcn\u00fc, 167 kad\u0131n ve k\u0131z \u00e7ocu\u011funa tecav\u00fcz etti\u011fini ya da tecav\u00fcz giri\u015fiminde bulundu\u011funu anlatan Nazl\u0131aka, her 10 kad\u0131ndan birinin \u015fiddet g\u00f6rd\u00fc\u011f\u00fc i\u00e7in kolluk kuvvetlerine, m\u00fclki amirlere ve savc\u0131lara defalarca \u015fikayette bulunmas\u0131 ve koruma karar\u0131 \u00e7\u0131kartmas\u0131na ra\u011fmen a\u011f\u0131r yaraland\u0131\u011f\u0131n\u0131 s\u00f6yledi.<\/p>\n<p>Kad\u0131nlar\u0131n en \u00e7ok e\u015flerinden \u015fiddet g\u00f6rd\u00fc\u011f\u00fcn\u00fc, y\u00fczde 15&#8217;inin bo\u015fanmak istedi\u011fi i\u00e7in \u00f6ld\u00fcr\u00fcld\u00fc\u011f\u00fcn\u00fc belirten Nazl\u0131aka, bo\u015fanmak isteyen 32 kad\u0131n\u0131n \u00f6ld\u00fcr\u00fcld\u00fc\u011f\u00fcn\u00fc, 19 kad\u0131n\u0131n \u015fiddet g\u00f6rd\u00fc\u011f\u00fcn\u00fc, tecav\u00fczc\u00fclerin y\u00fczde 52&#8217;sinin \u00f6nceden tan\u0131d\u0131\u011f\u0131 erkekler oldu\u011funu kaydetti. Kad\u0131nlar\u0131n y\u00fczde 13,5&#8217;inin \u015fiddetten \u015fikayet\u00e7i oldu\u011fu ya da koruma tedbiri karar\u0131 \u00e7\u0131kartt\u0131\u011f\u0131 halde \u00f6ld\u00fcr\u00fcld\u00fc\u011f\u00fcn\u00fc ifade eden Nazl\u0131aka, 2014 y\u0131l\u0131 Ocak ay\u0131nda ise erkeklerin 23 kad\u0131n\u0131 \u00f6ld\u00fcrd\u00fc\u011f\u00fcn\u00fc, 6 kad\u0131na tecav\u00fcz etti\u011fini, 45 kad\u0131n\u0131 yaralad\u0131\u011f\u0131n\u0131, 5 kad\u0131na da cinsel tacizde bulundu\u011funu dile getirdi.<\/p>\n<p>Nazl\u0131aka, Gezi Park\u0131 eylemleri s\u0131ras\u0131nda \u0130stanbul Kabata\u015f&#8217;ta ba\u015f\u00f6rt\u00fcl\u00fc bir kad\u0131na y\u00f6nelik iddialara i\u015faret ederek, \u015f\u00f6yle konu\u015ftu:<\/p>\n<p>&#8220;Ba\u015fbakan, Gezi eylemleri s\u0131ras\u0131nda kontrol edemedi\u011fi \u00f6fkesiyle, &#8216;benim ba\u015f\u00f6rt\u00fcl\u00fc bac\u0131ma sald\u0131rd\u0131lar&#8217; demi\u015f, o s\u0131rada yan\u0131nda bulunan kar\u0131s\u0131 Emine Erdo\u011fan da emme basma tulumba gibi ba\u015f\u0131n\u0131 sallayarak herkesin bu hikayeye inanmas\u0131n\u0131 istedi. \u0130ddiaya g\u00f6re bir kad\u0131n arkada\u015f\u0131m\u0131z, 6 ayl\u0131k bebe\u011fiyle birlikte vapurdan inerek Kabata\u015f \u0130skelesi&#8217;nde 70-100 aras\u0131nda bedenlerinin \u00fczeri \u00e7\u0131plak, elleri deri eldivenli, ba\u015flar\u0131nda siyah bantlarla bir erkek grubu kendisine \u015fiddet uyuluyor, taciz ediyorlar, hatta bebe\u011fini tutup sall\u0131yorlar, dalga ge\u00e7iyorlar. Arkas\u0131ndan kad\u0131n uyand\u0131\u011f\u0131nda \u00fczerinde idrar kokusu farkediyor. Ba\u015fbakan bu hikayeyi bize anlatt\u0131 durdu; t\u0131pk\u0131 &#8216;Camiye ayakkab\u0131yla girdiler, camide i\u00e7ki i\u00e7tiler&#8217; dedi\u011fi gibi.<\/p>\n<p>Olay\u0131n hi\u00e7bir \u015fekilde Ba\u015fbakan&#8217;\u0131n anlatt\u0131\u011f\u0131 hikayeyle alakas\u0131 olmad\u0131\u011f\u0131n\u0131, Bah\u00e7e\u015fehir Belediye Ba\u015fkan\u0131&#8217;n\u0131n gelini olan kad\u0131n\u0131n vapurdan indikten sonra bebek arabas\u0131yla kalabal\u0131kta y\u00fcr\u00fcd\u00fc\u011f\u00fc, ortal\u0131\u011f\u0131n sakin oldu\u011fu, durakta bekledi\u011fi, e\u015fi geldikten sonra mekandan uzakla\u015ft\u0131klar\u0131n\u0131 g\u00f6rd\u00fck. D\u00fcn ak\u015fam ortaya \u00e7\u0131kan g\u00f6r\u00fcnt\u00fclerle, anlat\u0131lan senaryonun bir harfinin bile do\u011fru olmad\u0131\u011f\u0131na \u015fahit olduk. Z.D kod adl\u0131 kad\u0131na ula\u015fmaya \u00e7al\u0131\u015ft\u0131m ama telefonlar\u0131ma \u00e7\u0131kmad\u0131. Ba\u015ftan beri ortada bir gizem vard\u0131. Ba\u015fbakan&#8217;\u0131n yapt\u0131\u011f\u0131, e\u015finin ve bakanlar\u0131n onaylad\u0131\u011f\u0131 bu olay, asl\u0131nda d\u00fcped\u00fcz bir devlet provokasyonudur. Bu provokasyon sonras\u0131nda polis \u015fiddete te\u015fvik edilmi\u015ftir. Bu \u015fiddet nedeniyledir ki gencecik canlar \u00f6ld\u00fc, binlerce insan yaraland\u0131. Kanlar\u0131 Ba\u015fbakan ve bu su\u00e7a ortak olan herkesin eline bula\u015ft\u0131. Bu olaya sahip \u00e7\u0131kan her kim varsa, herkes bu su\u00e7un birer orta\u011f\u0131d\u0131r. Bu konuda su\u00e7 duyurusunda bulunaca\u011f\u0131z. Muhatab\u0131m\u0131z iddia sahibi olan Ba\u015fbakan&#8217;d\u0131r. \u015eu anda hem hakl\u0131y\u0131z hem de g\u00fc\u00e7l\u00fcy\u00fcz. Maske d\u00fc\u015fm\u00fc\u015f, yalanc\u0131n\u0131n mumu Gezi&#8217;de d\u00fc\u015fm\u00fc\u015ft\u00fcr. Biliyoruz ki yalan d\u00f6rtnala gider, ger\u00e7ek ad\u0131m ad\u0131m y\u00fcr\u00fcr fakat gene de vaktinde yeti\u015fir.&#8221;<\/p>\n<p>Bas\u0131n toplant\u0131s\u0131na karanfillerle gelen Nazl\u0131aka, 14 \u015eubat Sevgililer g\u00fcn\u00fcn\u00fc kutlad\u0131. Nazl\u0131aka, karanfil verdi\u011fi bas\u0131n mensuplar\u0131ndan birinin kendisine m\u00fccevher kutusu i\u00e7inde ta\u015f vermesi \u00fczerine, &#8220;Ayyakab\u0131 kutular\u0131ndan para \u00e7\u0131karken, al\u0131n teriyle bana verilen bu tek ta\u015f benim i\u00e7in \u00e7ok k\u0131ymetli&#8221; dedi.<\/p>\n<!-- Error, Advert is not available at this time due to schedule\/geolocation restrictions! -->\n","protected":false},"excerpt":{"rendered":"<p>CHP Ankara Milletvekili Aylin Nazl\u0131aka, \u0130stanbul Kabata\u015f&#8217;da ba\u015f\u00f6rt\u00fcl\u00fc bir kad\u0131na y\u00f6nelik iddialar\u0131n ger\u00e7ek olmad\u0131\u011f\u0131n\u0131n ortaya \u00e7\u0131kt\u0131\u011f\u0131n\u0131 belirterek, &#8216;Olay d\u00fcped\u00fcz bir devlet provokasyonudur&#8217; dedi.<\/p>\n","protected":false},"author":4,"featured_media":175524,"comment_status":"open","ping_status":"open","sticky":false,"template":"","format":"standard","meta":{"_acf_changed":false,"footnotes":""},"categories":[6155,5005,6202,6805],"tags":[57125,8723,154038,142880],"class_list":["post-159221","post","type-post","status-publish","format-standard","has-post-thumbnail","hentry","category-gundem","category-manset","category-politika","category-turkiye","tag-aylin-nazliaka","tag-chp","tag-kabatas-olayi","tag-kabatas-turbanli-kadin"],"acf":[],"_links":{"self":[{"href":"https:\/\/www.nationalturk.com\/tr\/wp-json\/wp\/v2\/posts\/159221","targetHints":{"allow":["GET"]}}],"collection":[{"href":"https:\/\/www.nationalturk.com\/tr\/wp-json\/wp\/v2\/posts"}],"about":[{"href":"https:\/\/www.nationalturk.com\/tr\/wp-json\/wp\/v2\/types\/post"}],"author":[{"embeddable":true,"href":"https:\/\/www.nationalturk.com\/tr\/wp-json\/wp\/v2\/users\/4"}],"replies":[{"embeddable":true,"href":"https:\/\/www.nationalturk.com\/tr\/wp-json\/wp\/v2\/comments?post=159221"}],"version-history":[{"count":0,"href":"https:\/\/www.nationalturk.com\/tr\/wp-json\/wp\/v2\/posts\/159221\/revisions"}],"wp:featuredmedia":[{"embeddable":true,"href":"https:\/\/www.nationalturk.com\/tr\/wp-json\/wp\/v2\/media\/175524"}],"wp:attachment":[{"href":"https:\/\/www.nationalturk.com\/tr\/wp-json\/wp\/v2\/media?parent=159221"}],"wp:term":[{"taxonomy":"category","embeddable":true,"href":"https:\/\/www.nationalturk.com\/tr\/wp-json\/wp\/v2\/categories?post=159221"},{"taxonomy":"post_tag","embeddable":true,"href":"https:\/\/www.nationalturk.com\/tr\/wp-json\/wp\/v2\/tags?post=159221"}],"curies":[{"name":"wp","href":"https:\/\/api.w.org\/{rel}","templated":true}]}}