{"id":159234,"date":"2014-02-14T14:33:22","date_gmt":"2014-02-14T12:33:22","guid":{"rendered":"http:\/\/www.nationalturk.com\/?p=159234"},"modified":"2014-02-14T14:33:22","modified_gmt":"2014-02-14T12:33:22","slug":"chpli-umut-orandan-basbakan-erdogana-suc-duyurusu-159234","status":"publish","type":"post","link":"https:\/\/www.nationalturk.com\/tr\/chpli-umut-orandan-basbakan-erdogana-suc-duyurusu-159234\/","title":{"rendered":"CHP&#8217;li Umut Oran&#8217;dan Ba\u015fbakan Erdo\u011fan&#8217;a su\u00e7 duyurusu"},"content":{"rendered":"<p><img loading=\"lazy\" decoding=\"async\" class=\"alignleft size-medium wp-image-159235\" alt=\"Umut Oran\" src=\"http:\/\/www.nationalturk.com\/tr\/wp-content\/uploads\/2014\/02\/umut_oran_basin_toplantisi_2983472-280x205.jpg\" width=\"280\" height=\"205\" title=\"\" srcset=\"https:\/\/www.nationalturk.com\/tr\/wp-content\/uploads\/2014\/02\/umut_oran_basin_toplantisi_2983472-280x205.jpg 280w, https:\/\/www.nationalturk.com\/tr\/wp-content\/uploads\/2014\/02\/umut_oran_basin_toplantisi_2983472-544x400.jpg 544w, https:\/\/www.nationalturk.com\/tr\/wp-content\/uploads\/2014\/02\/umut_oran_basin_toplantisi_2983472-900x661.jpg 900w, https:\/\/www.nationalturk.com\/tr\/wp-content\/uploads\/2014\/02\/umut_oran_basin_toplantisi_2983472.jpg 1089w\" sizes=\"auto, (max-width: 280px) 100vw, 280px\" \/><\/p>\n<h1>\u00a0CHP Genel Ba\u015fkan Yard\u0131mc\u0131s\u0131 Umut Oran, Kabata\u015f g\u00f6r\u00fcnt\u00fcleriyle ilgili olarak yapt\u0131\u011f\u0131 a\u00e7\u0131klamada Ba\u015fbakan Erdo\u011fan&#8217;\u0131n a\u00e7\u0131k\u00e7a yalan s\u00f6yledi\u011fini ve k\u0131\u015fk\u0131rt\u0131c\u0131l\u0131k yapt\u0131\u011f\u0131n\u0131 belirterek &#8216;Halk\u0131 kin ve d\u00fc\u015fmanl\u0131\u011fa tahrik ile iftira su\u00e7lar\u0131ndan su\u00e7 duyurusunda bulunaca\u011f\u0131m&#8217; dedi.<\/h1>\n<p>Umut Oran, Gezi Park\u0131 olaylar\u0131 s\u0131ras\u0131nda Kabata\u015f&#8217;ta ba\u015f\u00f6rt\u00fcl\u00fc bir kad\u0131na sald\u0131r\u0131ld\u0131\u011f\u0131 iddias\u0131n\u0131n ard\u0131ndan yay\u0131nlanan g\u00f6r\u00fcnt\u00fclere ili\u015fkin yaz\u0131l\u0131 bir a\u00e7\u0131klama yapt\u0131.<\/p>\n<p>Ba\u015fbakan Recep Tayyip Erdo\u011fan&#8217;\u0131n s\u0131kl\u0131kla dile getirdi\u011fi ve ba\u015f\u00f6rt\u00fcl\u00fc bir kad\u0131na yan\u0131nda \u00e7ocu\u011fu varken 70-80 ki\u015filik bir erkek grubunun sald\u0131r\u0131p taciz etti\u011fi iddias\u0131n\u0131n, Kanal D&#8217;nin d\u00fcn ak\u015fam yay\u0131nlad\u0131\u011f\u0131 g\u00fcvenlik kameras\u0131 g\u00f6r\u00fcnt\u00fcleriyle birlikte &#8220;\u00e7\u00f6kt\u00fc\u011f\u00fcn\u00fc&#8221; ifade eden Oran, &#8220;Bug\u00fcn ortaya \u00e7\u0131kan g\u00f6r\u00fcnt\u00fcler a\u00e7\u0131k bir \u015fekilde 1 Haziran&#8217;da Kabata\u015f iskelesi \u00f6n\u00fcnde herhangi bir sald\u0131r\u0131 olmad\u0131\u011f\u0131n\u0131, ba\u015f\u00f6rt\u00fcl\u00fc ba\u015fka vatanda\u015flar\u0131n rahat\u00e7a o b\u00f6lgede hayata devam etti\u011fine, Kabata\u015f \u0130skelesi&#8217;ndeki g\u00fcvenlik g\u00f6revlilerinin hi\u00e7bir ola\u011fan\u00fcst\u00fc durumla kar\u015f\u0131la\u015fmadan g\u00f6revlerini yapt\u0131klar\u0131n\u0131, yani ola\u011fand\u0131\u015f\u0131 en ufak bir olay\u0131n bile olmad\u0131\u011f\u0131n\u0131 g\u00f6stermektedir. G\u00f6r\u00fcnt\u00fclerde iddia sahibi ki\u015fi e\u015fini beklemekte, hi\u00e7bir anormallik olmadan da hayat\u0131na devam etmektedir. Yine sald\u0131r\u0131ya u\u011frayan bir amca da g\u00f6r\u00fcnt\u00fclerde bulunmamaktad\u0131r&#8221; dedi. Ba\u015fbakan Erdo\u011fan&#8217;\u0131n a\u00e7\u0131k\u00e7a kendi halk\u0131na kar\u015f\u0131 yalan s\u00f6yledi\u011fini savunan Oran, \u015f\u00f6yle devam etti:<\/p>\n<p>&#8220;Bir k\u0131s\u0131m vatanda\u015flar\u0131 dini ve manevi duygular\u0131n\u0131 kullanarak, ba\u015f\u00f6rt\u00fcl\u00fc bir kad\u0131na bebe\u011finin yan\u0131nda sald\u0131r\u0131ld\u0131\u011f\u0131 iddias\u0131yla halk\u0131n bir kesimine kar\u015f\u0131 k\u0131\u015fk\u0131rtmak i\u00e7in bu yalan\u0131 ve iftiray\u0131 kulland\u0131. \u00d6zg\u00fcrl\u00fck ve adalet i\u00e7in sokaklara \u00e7\u0131k\u0131p, bu iste\u011fini dile getiren tertemiz gen\u00e7leri &#8216;bebeklerinin yan\u0131nda ba\u015f\u00f6rt\u00fcl\u00fc kad\u0131nlara sald\u0131ran canavarlar&#8217; olarak lanse etmek i\u00e7in k\u0131\u015fk\u0131rt\u0131c\u0131l\u0131k yapmaya \u00e7al\u0131\u015ft\u0131. Bir ba\u015fbakan\u0131n g\u00f6revi halk\u0131 s\u00fckunete ve sakinli\u011fe te\u015fvik etmekken, o sonu\u00e7lar\u0131n\u0131 bilerek ve isteyerek vahim olaylar\u0131n do\u011fmas\u0131 i\u00e7in bu yalan\u0131 kulland\u0131. Mitomani kendi s\u00f6yledi\u011fi yalana inanma hastal\u0131\u011f\u0131d\u0131r. Ba\u015fbakan, &#8216;Ba\u015fmitoman&#8217; gibi kendi s\u00f6yledi\u011fi yalana kendisi inand\u0131. Bu yalan\u0131 da her yerde f\u00fctursuzca, y\u00fcz\u00fc k\u0131zarmadan ifade etti. Her yerde &#8216;iyi biliriz, gayet iyi biliriz, \u00e7ok iyi biliriz&#8217; diye konu\u015fan Ba\u015fbakan&#8217;\u0131n en iyi bildi\u011fi \u015feylerden bir tanesi de yalan s\u00f6ylemek, halk\u0131 kin ve d\u00fc\u015fmanl\u0131\u011fa sevk etmek, iftira atmak. Bunlar yaln\u0131zca birer davran\u0131\u015f de\u011fil, ayn\u0131 zamanda T\u00fcrk Ceza Kanunu&#8217;nda kar\u015f\u0131l\u0131\u011f\u0131 olan su\u00e7lar. Bu sebeple kendisi hakk\u0131nda halk\u0131 kin ve d\u00fc\u015fmanl\u0131\u011fa tahrik ile iftira su\u00e7lar\u0131ndan su\u00e7 duyurusunda bulunaca\u011f\u0131m.&#8221;<\/p>\n<p>Ba\u015fbakan&#8217;\u0131n konuyu a\u00e7\u0131klamak ve halka ger\u00e7ekleri s\u00f6ylemek zorunda oldu\u011funu kaydeden Oran, &#8220;Ba\u015fbakan\u0131 bu konuda kamuoyunu bilgilendirmeye ve y\u00fczle\u015fmeye davet ediyorum. Bunun onun bir ba\u015fbakan olarak \u00fclkemize, halk\u0131m\u0131za kar\u015f\u0131 sorumlulu\u011fudur&#8221; dedi.<\/p>\n<!-- Error, Advert is not available at this time due to schedule\/geolocation restrictions! -->\n","protected":false},"excerpt":{"rendered":"<p> CHP Genel Ba\u015fkan Yard\u0131mc\u0131s\u0131 Umut Oran, Kabata\u015f g\u00f6r\u00fcnt\u00fcleriyle ilgili olarak yapt\u0131\u011f\u0131 a\u00e7\u0131klamada Ba\u015fbakan Erdo\u011fan&#8217;\u0131n a\u00e7\u0131k\u00e7a yalan s\u00f6yledi\u011fini ve k\u0131\u015fk\u0131rt\u0131c\u0131l\u0131k yapt\u0131\u011f\u0131n\u0131 belirterek &#8216;Halk\u0131 kin ve d\u00fc\u015fmanl\u0131\u011fa tahrik ile iftira su\u00e7lar\u0131ndan su\u00e7 duyurusunda bulunaca\u011f\u0131m&#8217; dedi.<\/p>\n","protected":false},"author":4,"featured_media":175520,"comment_status":"open","ping_status":"open","sticky":false,"template":"","format":"standard","meta":{"_acf_changed":false,"footnotes":""},"categories":[6155,5005,6202,6805],"tags":[3888,92829,28916,154050,787,26617],"class_list":["post-159234","post","type-post","status-publish","format-standard","has-post-thumbnail","hentry","category-gundem","category-manset","category-politika","category-turkiye","tag-basbakan-erdogan","tag-gezi-parki","tag-kabatas","tag-kabatas-goruntuleri","tag-recep-tayyip-erdogan","tag-umut-oran"],"acf":[],"_links":{"self":[{"href":"https:\/\/www.nationalturk.com\/tr\/wp-json\/wp\/v2\/posts\/159234","targetHints":{"allow":["GET"]}}],"collection":[{"href":"https:\/\/www.nationalturk.com\/tr\/wp-json\/wp\/v2\/posts"}],"about":[{"href":"https:\/\/www.nationalturk.com\/tr\/wp-json\/wp\/v2\/types\/post"}],"author":[{"embeddable":true,"href":"https:\/\/www.nationalturk.com\/tr\/wp-json\/wp\/v2\/users\/4"}],"replies":[{"embeddable":true,"href":"https:\/\/www.nationalturk.com\/tr\/wp-json\/wp\/v2\/comments?post=159234"}],"version-history":[{"count":0,"href":"https:\/\/www.nationalturk.com\/tr\/wp-json\/wp\/v2\/posts\/159234\/revisions"}],"wp:featuredmedia":[{"embeddable":true,"href":"https:\/\/www.nationalturk.com\/tr\/wp-json\/wp\/v2\/media\/175520"}],"wp:attachment":[{"href":"https:\/\/www.nationalturk.com\/tr\/wp-json\/wp\/v2\/media?parent=159234"}],"wp:term":[{"taxonomy":"category","embeddable":true,"href":"https:\/\/www.nationalturk.com\/tr\/wp-json\/wp\/v2\/categories?post=159234"},{"taxonomy":"post_tag","embeddable":true,"href":"https:\/\/www.nationalturk.com\/tr\/wp-json\/wp\/v2\/tags?post=159234"}],"curies":[{"name":"wp","href":"https:\/\/api.w.org\/{rel}","templated":true}]}}