{"id":159293,"date":"2014-02-15T10:50:20","date_gmt":"2014-02-15T08:50:20","guid":{"rendered":"http:\/\/www.nationalturk.com\/?p=159293"},"modified":"2022-09-11T15:02:36","modified_gmt":"2022-09-11T12:02:36","slug":"turksat-4a-uydusundan-ilk-sinyal-alindi-159293","status":"publish","type":"post","link":"https:\/\/www.nationalturk.com\/tr\/turksat-4a-uydusundan-ilk-sinyal-alindi-159293\/","title":{"rendered":"T\u00dcRKSAT 4A uydusundan ilk sinyal al\u0131nd\u0131"},"content":{"rendered":"<h1><a href=\"http:\/\/www.nationalturk.com\/tr\/wp-content\/uploads\/2014\/02\/turksat-4a-kazakistan-firlatildi.jpg\"><img loading=\"lazy\" decoding=\"async\" class=\"aligncenter size-large wp-image-159294\" alt=\"turksat-4a-kazakistan-firlatildi\" src=\"http:\/\/www.nationalturk.com\/tr\/wp-content\/uploads\/2014\/02\/turksat-4a-kazakistan-firlatildi-610x344.jpg\" width=\"610\" height=\"344\" title=\"\" srcset=\"https:\/\/www.nationalturk.com\/tr\/wp-content\/uploads\/2014\/02\/turksat-4a-kazakistan-firlatildi-610x344.jpg 610w, https:\/\/www.nationalturk.com\/tr\/wp-content\/uploads\/2014\/02\/turksat-4a-kazakistan-firlatildi-280x158.jpg 280w, https:\/\/www.nationalturk.com\/tr\/wp-content\/uploads\/2014\/02\/turksat-4a-kazakistan-firlatildi.jpg 620w\" sizes=\"auto, (max-width: 610px) 100vw, 610px\" \/><\/a>Ula\u015ft\u0131rma, Denizcilik ve Haberle\u015fme Bakan\u0131 L\u00fctfi Elvan, Kazakistan&#8217;daki Baykonur Uzay \u00dcss\u00fc&#8217;nden f\u0131rlat\u0131lan T\u00dcRKSAT 4A uydusundan ilk sinyalin al\u0131nd\u0131\u011f\u0131n\u0131 bildirdi.<\/h1>\n<p>Bakan Elvan, yapt\u0131\u011f\u0131 a\u00e7\u0131klamada, T\u00fcrkiye&#8217;nin uzaydaki 5. uydusu T\u00dcRKSAT 4A&#8217;n\u0131n f\u0131rlat\u0131lmadan 5 dakika 47 saniye sonra atmosferden \u00e7\u0131kt\u0131\u011f\u0131n\u0131 s\u00f6yledi.<\/p>\n<p>Uydunun 9 saat 13 dakika sonra roketten ayr\u0131ld\u0131\u011f\u0131n\u0131 ifade eden Elvan, &#8220;Uydunun 9 saat 13 dakika sonra Breeze-M&#8217;den ba\u015far\u0131yla ayr\u0131lmas\u0131, uydunun f\u0131rlat\u0131l\u0131\u015f\u0131n\u0131n ba\u015far\u0131l\u0131 oldu\u011fu anlam\u0131n\u0131 ta\u015f\u0131yor. Bu ayr\u0131l\u0131\u015ftan sonra uydu, d\u00fcnyan\u0131n etraf\u0131nda d\u00f6nmeye ba\u015flad\u0131. Roketten ayr\u0131lmas\u0131n\u0131n ard\u0131ndan panellerini a\u00e7an uydu, g\u00fcne\u015ften ald\u0131\u011f\u0131 \u0131\u015f\u0131\u011f\u0131 elektrik enerjisine d\u00f6n\u00fc\u015ft\u00fcrerek, \u00e7al\u0131\u015fmaya ba\u015flad\u0131&#8221; diye konu\u015ftu.<\/p>\n<h2>&#8220;\u0130ki uydunun maliyeti 1,2 milyar lira&#8221;<\/h2>\n<p>T\u00dcRKSAT 4A uydusundan ilk sinyalin, T\u00fcrkiye saatiyle 8.30&#8217;da Avustralya&#8217;n\u0131n Gnangara yer istasyonundan al\u0131nd\u0131\u011f\u0131n\u0131 anlatan Elvan, &#8220;T\u00fcrkiyemizin gelece\u011fine b\u00fcy\u00fck yat\u0131r\u0131m yap\u0131yoruz. \u0130ki uydumuzun bize toplam maliyeti 1,2 milyar lira&#8221; diye konu\u015ftu.<\/p>\n<p>Elvan, T\u00fcrkiye, Afrika, Avustralya, Japonya, \u0130talya ve Kanada istasyonlar\u0131ndan kontrol edilen uydunun, 24 \u015eubat&#8217;ta 50 derece do\u011fu boylam\u0131na yerle\u015ftirilece\u011fini ve &#8221;Uydu Yay\u0131n Performans\u0131 Testleri&#8221;nin yap\u0131laca\u011f\u0131n\u0131 s\u00f6yledi.<\/p>\n<p>Bakan Elvan, &#8220;Bir s\u00fcre 50 derece do\u011fu boylam\u0131nda kalacak olan T\u00dcRKSAT 4A, daha sonra G\u00f6lba\u015f\u0131 Kontrol \u0130stasyonundan g\u00f6nderilecek komutlarla 42 derece do\u011fu boylam\u0131na yerle\u015fmek \u00fczere hareket edecek. Uydunun, 1 hafta s\u00fcrecek olan bu yolculu\u011funun ard\u0131ndan 42 derece do\u011fu boylam\u0131na yerle\u015ferek, ticari faaliyetlerine ba\u015flamas\u0131 planlan\u0131yor&#8221; diye konu\u015ftu.<\/p>\n<p>Mevcut T\u00fcrk uydular\u0131na g\u00f6re daha g\u00fc\u00e7l\u00fc sinyal kalitesine sahip olan T\u00dcRKSAT 4A uydusunun manevra \u00f6mr\u00fcn\u00fcn 30 y\u0131ldan fazla olaca\u011f\u0131n\u0131 bildiren Elvan, T\u00dcRKSAT 4A uydusundan yay\u0131n yapmak isteyen \u00e7ok say\u0131da kurulu\u015f oldu\u011funu da s\u00f6zlerine ekledi.<\/p>\n<!-- Error, Advert is not available at this time due to schedule\/geolocation restrictions! -->\n","protected":false},"excerpt":{"rendered":"<p>Ula\u015ft\u0131rma, Denizcilik ve Haberle\u015fme Bakan\u0131 L\u00fctfi Elvan, Kazakistan&#8217;daki Baykonur Uzay \u00dcss\u00fc&#8217;nden f\u0131rlat\u0131lan T\u00dcRKSAT 4A uydusundan ilk sinyalin al\u0131nd\u0131\u011f\u0131n\u0131 bildirdi.<\/p>\n","protected":false},"author":3,"featured_media":175514,"comment_status":"open","ping_status":"open","sticky":false,"template":"","format":"standard","meta":{"_acf_changed":false,"footnotes":""},"categories":[6224,6805,220816],"tags":[30374,473,10,863,41141,154084,113241],"class_list":["post-159293","post","type-post","status-publish","format-standard","has-post-thumbnail","hentry","category-teknoloji","category-turkiye","category-uzak-dogu","tag-afrika","tag-avustralya","tag-italya","tag-japonya","tag-lutfi-elvan","tag-lutfi-elvan-aciklama","tag-ulastirma"],"acf":[],"_links":{"self":[{"href":"https:\/\/www.nationalturk.com\/tr\/wp-json\/wp\/v2\/posts\/159293","targetHints":{"allow":["GET"]}}],"collection":[{"href":"https:\/\/www.nationalturk.com\/tr\/wp-json\/wp\/v2\/posts"}],"about":[{"href":"https:\/\/www.nationalturk.com\/tr\/wp-json\/wp\/v2\/types\/post"}],"author":[{"embeddable":true,"href":"https:\/\/www.nationalturk.com\/tr\/wp-json\/wp\/v2\/users\/3"}],"replies":[{"embeddable":true,"href":"https:\/\/www.nationalturk.com\/tr\/wp-json\/wp\/v2\/comments?post=159293"}],"version-history":[{"count":0,"href":"https:\/\/www.nationalturk.com\/tr\/wp-json\/wp\/v2\/posts\/159293\/revisions"}],"wp:featuredmedia":[{"embeddable":true,"href":"https:\/\/www.nationalturk.com\/tr\/wp-json\/wp\/v2\/media\/175514"}],"wp:attachment":[{"href":"https:\/\/www.nationalturk.com\/tr\/wp-json\/wp\/v2\/media?parent=159293"}],"wp:term":[{"taxonomy":"category","embeddable":true,"href":"https:\/\/www.nationalturk.com\/tr\/wp-json\/wp\/v2\/categories?post=159293"},{"taxonomy":"post_tag","embeddable":true,"href":"https:\/\/www.nationalturk.com\/tr\/wp-json\/wp\/v2\/tags?post=159293"}],"curies":[{"name":"wp","href":"https:\/\/api.w.org\/{rel}","templated":true}]}}