{"id":159397,"date":"2014-02-17T16:08:30","date_gmt":"2014-02-17T14:08:30","guid":{"rendered":"http:\/\/www.nationalturk.com\/?p=159397"},"modified":"2014-02-17T16:08:30","modified_gmt":"2014-02-17T14:08:30","slug":"ispanyada-hashas-yuklu-gemi-4-turk-gozaltinda-159397","status":"publish","type":"post","link":"https:\/\/www.nationalturk.com\/tr\/ispanyada-hashas-yuklu-gemi-4-turk-gozaltinda-159397\/","title":{"rendered":"\u0130spanya&#8217;da ha\u015fha\u015f y\u00fckl\u00fc gemi! 4 T\u00fcrk g\u00f6zalt\u0131nda"},"content":{"rendered":"<p><img loading=\"lazy\" decoding=\"async\" class=\"alignnone size-full wp-image-159399\" alt=\"Berk Kaptan gemisi\" src=\"http:\/\/www.nationalturk.com\/tr\/wp-content\/uploads\/2014\/02\/berk_kaptan_gemisi.jpg\" width=\"610\" height=\"301\" title=\"\" srcset=\"https:\/\/www.nationalturk.com\/tr\/wp-content\/uploads\/2014\/02\/berk_kaptan_gemisi.jpg 610w, https:\/\/www.nationalturk.com\/tr\/wp-content\/uploads\/2014\/02\/berk_kaptan_gemisi-280x138.jpg 280w\" sizes=\"auto, (max-width: 610px) 100vw, 610px\" \/><\/p>\n<h1>\u0130spanya ve Fransa g\u00fcmr\u00fck polislerinin i\u015fbirli\u011finde d\u00fczenlenen operasyonda Berk Kaptan adl\u0131 bal\u0131k\u00e7\u0131 gemisinde uyu\u015fturucu yap\u0131m\u0131nda kullan\u0131lan 12 ton ha\u015fha\u015f ele ge\u00e7irildi. 4 T\u00fcrk m\u00fcrettebat g\u00f6zalt\u0131na al\u0131nd\u0131.<\/h1>\n<p>G\u00fcmr\u00fck Muhafaza M\u00fcd\u00fcrl\u00fc\u011f\u00fc, 14 \u015eubat&#8217;ta Almeria a\u00e7\u0131klar\u0131nda durdurulan ve uyu\u015fturucu yap\u0131m\u0131nda kullan\u0131lan ha\u015fha\u015f bitkisi ta\u015f\u0131yan T\u00fcrk band\u0131ral\u0131 gemi hakk\u0131nda bas\u0131na bilgi verdi.\u00a011 \u015eubat&#8217;ta Fas&#8217;ta bulunan ve \u0130spanya&#8217;ya ba\u011fl\u0131 Melilla kentinin 30 mil a\u00e7\u0131\u011f\u0131nda g\u00f6r\u00fclen T\u00fcrk bal\u0131k\u00e7\u0131 gemisinden \u015f\u00fcphelenildi\u011fi ve bunun \u00fczerine geminin havadan helikopter ve radarlar ile takibe al\u0131nd\u0131\u011f\u0131 kaydedildi.<\/p>\n<p>&#8220;Bo\u011faz&#8221; ad\u0131yla 14 \u015eubat sabah\u0131 d\u00fczenlenen operasyon s\u0131ras\u0131nda gemide yap\u0131lan aramada, ambar k\u0131sm\u0131nda 480 paket bu\u011fday\u0131n i\u00e7ine saklanm\u0131\u015f yakla\u015f\u0131k 12 ton ha\u015fha\u015f bulundu\u011fu ifade edildi. Almeria liman\u0131na \u00e7ekilen geminin al\u0131kondu\u011fu, g\u00f6zalt\u0131na al\u0131nan d\u00f6rt T\u00fcrk m\u00fcrettebat\u0131n ise \u00f6\u011fleden sonra mahkemeye \u00e7\u0131kar\u0131laca\u011f\u0131 \u00f6\u011frenildi.<\/p>\n<p>\u0130spanyol g\u00fcmr\u00fck yetkilileri, ge\u00e7en haziran ay\u0131ndan bu yana alt\u0131nc\u0131 kez bu tip bir operasyonun d\u00fczenlendi\u011fini ve Akdeniz&#8217;de yeni bir uyu\u015fturucu yolunun ortaya \u00e7\u0131kar\u0131ld\u0131\u011f\u0131n\u0131 a\u00e7\u0131klad\u0131.<\/p>\n<p>Frans\u0131z, \u0130talyan ve \u0130spanyol g\u00fcmr\u00fck muhafaza polisinin Akdeniz&#8217;de yapt\u0131\u011f\u0131 operasyonlarda 50 tondan fazla uyu\u015fturucu maddenin ele ge\u00e7irildi\u011fi vurguland\u0131.\u00a0Su\u00e7 \u00f6rg\u00fctlerinin kulland\u0131klar\u0131 bal\u0131k\u00e7\u0131 veya y\u00fck gemilerini teknik sebepler gerek\u00e7e g\u00f6stererek k\u0131sa s\u00fcreli\u011fine Kuzey Afrika k\u0131y\u0131lar\u0131ndaki limanlarda durdurdu\u011fu ve uyu\u015fturucunun bu limanlarda y\u00fcklendi\u011fi bildirildi.<\/p>\n<!-- Error, Advert is not available at this time due to schedule\/geolocation restrictions! -->\n","protected":false},"excerpt":{"rendered":"<p>\u0130spanya ve Fransa g\u00fcmr\u00fck polislerinin i\u015fbirli\u011finde d\u00fczenlenen operasyonda Berk Kaptan adl\u0131 bal\u0131k\u00e7\u0131 gemisinde uyu\u015fturucu yap\u0131m\u0131nda kullan\u0131lan 12 ton ha\u015fha\u015f ele ge\u00e7irildi. 4 T\u00fcrk m\u00fcrettebat g\u00f6zalt\u0131na al\u0131nd\u0131.<\/p>\n","protected":false},"author":4,"featured_media":159399,"comment_status":"open","ping_status":"open","sticky":false,"template":"","format":"standard","meta":{"_acf_changed":false,"footnotes":""},"categories":[6770,6665,6155],"tags":[150928,15],"class_list":["post-159397","post","type-post","status-publish","format-standard","has-post-thumbnail","hentry","category-avrupa","category-dunya","category-gundem","tag-gumruk-muhafaza","tag-ispanya"],"acf":[],"_links":{"self":[{"href":"https:\/\/www.nationalturk.com\/tr\/wp-json\/wp\/v2\/posts\/159397","targetHints":{"allow":["GET"]}}],"collection":[{"href":"https:\/\/www.nationalturk.com\/tr\/wp-json\/wp\/v2\/posts"}],"about":[{"href":"https:\/\/www.nationalturk.com\/tr\/wp-json\/wp\/v2\/types\/post"}],"author":[{"embeddable":true,"href":"https:\/\/www.nationalturk.com\/tr\/wp-json\/wp\/v2\/users\/4"}],"replies":[{"embeddable":true,"href":"https:\/\/www.nationalturk.com\/tr\/wp-json\/wp\/v2\/comments?post=159397"}],"version-history":[{"count":0,"href":"https:\/\/www.nationalturk.com\/tr\/wp-json\/wp\/v2\/posts\/159397\/revisions"}],"wp:featuredmedia":[{"embeddable":true,"href":"https:\/\/www.nationalturk.com\/tr\/wp-json\/wp\/v2\/media\/159399"}],"wp:attachment":[{"href":"https:\/\/www.nationalturk.com\/tr\/wp-json\/wp\/v2\/media?parent=159397"}],"wp:term":[{"taxonomy":"category","embeddable":true,"href":"https:\/\/www.nationalturk.com\/tr\/wp-json\/wp\/v2\/categories?post=159397"},{"taxonomy":"post_tag","embeddable":true,"href":"https:\/\/www.nationalturk.com\/tr\/wp-json\/wp\/v2\/tags?post=159397"}],"curies":[{"name":"wp","href":"https:\/\/api.w.org\/{rel}","templated":true}]}}