{"id":159610,"date":"2014-02-19T15:10:24","date_gmt":"2014-02-19T13:10:24","guid":{"rendered":"http:\/\/www.nationalturk.com\/?p=159610"},"modified":"2014-02-19T15:11:02","modified_gmt":"2014-02-19T13:11:02","slug":"abdullah-gulu-cumhurbaskani-olarak-gormuyorum-cankayadaki-imzasor-159610","status":"publish","type":"post","link":"https:\/\/www.nationalturk.com\/tr\/abdullah-gulu-cumhurbaskani-olarak-gormuyorum-cankayadaki-imzasor-159610\/","title":{"rendered":"&#8220;Abdullah G\u00fcl&#8217;\u00fc Cumhurba\u015fkan\u0131 olarak g\u00f6rm\u00fcyorum. \u00c7ankaya&#8217;daki imza\u015f\u00f6r&#8221;"},"content":{"rendered":"<p><img loading=\"lazy\" decoding=\"async\" class=\"alignnone size-full wp-image-159614\" alt=\"H\u00fcseyin Ayg\u00fcn\" src=\"http:\/\/www.nationalturk.com\/tr\/wp-content\/uploads\/2014\/02\/huseyin_aygun_2834722.jpg\" width=\"576\" height=\"288\" title=\"\" srcset=\"https:\/\/www.nationalturk.com\/tr\/wp-content\/uploads\/2014\/02\/huseyin_aygun_2834722.jpg 576w, https:\/\/www.nationalturk.com\/tr\/wp-content\/uploads\/2014\/02\/huseyin_aygun_2834722-280x140.jpg 280w\" sizes=\"auto, (max-width: 576px) 100vw, 576px\" \/><\/p>\n<h1>CHP Tunceli Milletvekili H\u00fcseyin Ayg\u00fcn, Cumhurba\u015fkan\u0131 Abdullah G\u00fcl&#8217;\u00fcn, internet d\u00fczenlemesini onaylamas\u0131n\u0131 sert s\u00f6zlerle ele\u015ftirerek &#8216;Abdullah G\u00fcl&#8217;\u00fc Cumhurba\u015fkan\u0131 olarak g\u00f6rm\u00fcyorum, \u00c7ankaya&#8217;daki imza\u015f\u00f6r olarak g\u00f6r\u00fcyorum&#8217; dedi.<\/h1>\n<p>Ankara \u00dcniversitesi Hukuk Fak\u00fcltesi \u00f6\u011frencileri ile HSYK d\u00fczenlemesiyle ilgili olarak TBMM&#8217;de bas\u0131n toplant\u0131s\u0131 d\u00fczenleyen H\u00fcseyin Ayg\u00fcn, kanundan \u00f6nce HSYK \u00e7ok iyiymi\u015f gibi bir hava olu\u015fturuldu\u011funu belirterek &#8220;Hi\u00e7 de \u00f6yle de\u011fildi, cemaatin elindeydi. \u015eimdi Bekir Bozda\u011f&#8217;\u0131n babas\u0131n\u0131n mal\u0131 olacak&#8221; dedi.<\/p>\n<p>H\u00fcseyin Ayg\u00fcn, Cumhurba\u015fkan\u0131 Abdullah G\u00fcl&#8217;\u00fcn internet d\u00fczenlemesini onaylamas\u0131na ili\u015fkin de\u011ferlendirmesinin sorulmas\u0131 \u00fczerine ise \u015funlar\u0131 s\u00f6yledi:<\/p>\n<p>&#8220;\u0130nternete son veren, internet \u00f6zg\u00fcrl\u00fc\u011f\u00fcn\u00fc yok eden bu yasay\u0131 Cumhurba\u015fkan\u0131, twetter arac\u0131l\u0131\u011f\u0131yla onayland\u0131\u011f\u0131n\u0131 duruluyor. Bu bir ironi olsa gerekir. Medyada kalem\u015f\u00f6rler oluyor, bunlar\u0131n uzant\u0131lar\u0131 var Meclis&#8217;te, hem milletvekili hem kalem\u015f\u00f6r olanlar. G\u00fcl&#8217;\u00fc Cumhurba\u015fkan\u0131 olarak g\u00f6rm\u00fcyorum, \u00c7ankaya&#8217;daki imza\u015f\u00f6r olarak g\u00f6r\u00fcyorum. E\u011fer ileride AKP ile bir hesapla\u015fma olursa, b\u00fct\u00fcn bu politikalardan birinci derecede G\u00fcl sorumludur. Kanunu onaylad\u0131\u011f\u0131ndan beri sayfas\u0131ndan 100 bin ki\u015fi ayr\u0131lm\u0131\u015f, en az 2 milyon ki\u015finin ayr\u0131lmas\u0131 laz\u0131m.&#8221;<\/p>\n<!-- Error, Advert is not available at this time due to schedule\/geolocation restrictions! -->\n","protected":false},"excerpt":{"rendered":"<p>CHP Tunceli Milletvekili H\u00fcseyin Ayg\u00fcn, Cumhurba\u015fkan\u0131 Abdullah G\u00fcl&#8217;\u00fcn, internet d\u00fczenlemesini onaylamas\u0131n\u0131 sert s\u00f6zlerle ele\u015ftirerek &#8216;Abdullah G\u00fcl&#8217;\u00fc Cumhurba\u015fkan\u0131 olarak g\u00f6rm\u00fcyorum, \u00c7ankaya&#8217;daki imza\u015f\u00f6r olarak g\u00f6r\u00fcyorum&#8217; dedi.<\/p>\n","protected":false},"author":4,"featured_media":159614,"comment_status":"open","ping_status":"open","sticky":false,"template":"","format":"standard","meta":{"_acf_changed":false,"footnotes":""},"categories":[6155,5005,6202,349,6805],"tags":[4343,5805,8723,16253,28946,76419],"class_list":["post-159610","post","type-post","status-publish","format-standard","has-post-thumbnail","hentry","category-gundem","category-manset","category-politika","category-son-dakika","category-turkiye","tag-abdullah-gul","tag-cankaya","tag-chp","tag-hsk","tag-internet","tag-internet-sansuru"],"acf":[],"_links":{"self":[{"href":"https:\/\/www.nationalturk.com\/tr\/wp-json\/wp\/v2\/posts\/159610","targetHints":{"allow":["GET"]}}],"collection":[{"href":"https:\/\/www.nationalturk.com\/tr\/wp-json\/wp\/v2\/posts"}],"about":[{"href":"https:\/\/www.nationalturk.com\/tr\/wp-json\/wp\/v2\/types\/post"}],"author":[{"embeddable":true,"href":"https:\/\/www.nationalturk.com\/tr\/wp-json\/wp\/v2\/users\/4"}],"replies":[{"embeddable":true,"href":"https:\/\/www.nationalturk.com\/tr\/wp-json\/wp\/v2\/comments?post=159610"}],"version-history":[{"count":0,"href":"https:\/\/www.nationalturk.com\/tr\/wp-json\/wp\/v2\/posts\/159610\/revisions"}],"wp:featuredmedia":[{"embeddable":true,"href":"https:\/\/www.nationalturk.com\/tr\/wp-json\/wp\/v2\/media\/159614"}],"wp:attachment":[{"href":"https:\/\/www.nationalturk.com\/tr\/wp-json\/wp\/v2\/media?parent=159610"}],"wp:term":[{"taxonomy":"category","embeddable":true,"href":"https:\/\/www.nationalturk.com\/tr\/wp-json\/wp\/v2\/categories?post=159610"},{"taxonomy":"post_tag","embeddable":true,"href":"https:\/\/www.nationalturk.com\/tr\/wp-json\/wp\/v2\/tags?post=159610"}],"curies":[{"name":"wp","href":"https:\/\/api.w.org\/{rel}","templated":true}]}}