{"id":159773,"date":"2014-02-21T17:27:41","date_gmt":"2014-02-21T15:27:41","guid":{"rendered":"http:\/\/www.nationalturk.com\/?p=159773"},"modified":"2022-09-30T10:48:47","modified_gmt":"2022-09-30T07:48:47","slug":"son-dakika-anayasa-mahkemesi-chp-ret-159773","status":"publish","type":"post","link":"https:\/\/www.nationalturk.com\/tr\/son-dakika-anayasa-mahkemesi-chp-ret-159773\/","title":{"rendered":"Son Dakika! Anayasa Mahkemesi&#8217;nden CHP&#8217;ye ret"},"content":{"rendered":"<h1>Anayasa Mahkemesi, CHP&#8217;nin HSYK Kanununda de\u011fi\u015fiklik yapan d\u00fczenlemenin iptali istemiyle yapt\u0131\u011f\u0131 ba\u015fvuruyu, Kanun, Resmi Gazete&#8217;de yay\u0131mlanmad\u0131\u011f\u0131 gerek\u00e7esiyle reddetti. \/ Son Dakika&#8230;<\/h1>\n<p>Anayasa Mahkemesi, CHP&#8217;nin HSYK Kanunu&#8217;nda de\u011fi\u015fiklik yapan d\u00fczenlemenin iptali istemiyle yapt\u0131\u011f\u0131 ba\u015fvuruyu, kanun Resmi Gazete&#8217;de yay\u0131mlanmad\u0131\u011f\u0131 gerek\u00e7esiyle reddetti.<\/p>\n<p>CHP, HSYK&#8217;n\u0131n yap\u0131s\u0131nda de\u011fi\u015fiklik \u00f6ng\u00f6ren d\u00fczenlemenin yok h\u00fckm\u00fcnde say\u0131lmas\u0131, iptali ve y\u00fcr\u00fcrl\u00fc\u011f\u00fcn\u00fcn durdurulmas\u0131 i\u00e7in Y\u00fcksek Mahkeme&#8217;ye ba\u015fvurmu\u015ftu.<\/p>\n<p>Ba\u015fvuruyla ilgili ilk incelemesini yapan Anayasa Mahkemesi heyeti, ba\u015fvuruyu, &#8220;Kanun Resmi Gazete&#8217;de yay\u0131mlanmad\u0131\u011f\u0131ndan iptal davas\u0131 a\u00e7ma s\u00fcresinin ba\u015flamad\u0131\u011f\u0131 gerek\u00e7esiyle&#8221; reddetti.<\/p>\n<!-- Error, Advert is not available at this time due to schedule\/geolocation restrictions! -->\n","protected":false},"excerpt":{"rendered":"<p>Anayasa Mahkemesi, CHP&#8217;nin HSYK Kanununda de\u011fi\u015fiklik yapan d\u00fczenlemenin iptali istemiyle yapt\u0131\u011f\u0131 ba\u015fvuruyu, Kanun, Resmi Gazete&#8217;de yay\u0131mlanmad\u0131\u011f\u0131 gerek\u00e7esiyle reddetti. \/ Son Dakika&#8230;<\/p>\n","protected":false},"author":4,"featured_media":297370,"comment_status":"open","ping_status":"open","sticky":false,"template":"","format":"standard","meta":{"_acf_changed":false,"footnotes":""},"categories":[6155,5005,6202,349,6805],"tags":[11271,8723,24804,52794,16253,27382,148047,153551],"class_list":["post-159773","post","type-post","status-publish","format-standard","has-post-thumbnail","hentry","category-gundem","category-manset","category-politika","category-son-dakika","category-turkiye","tag-anayasa-mahkemesi","tag-chp","tag-chp-anayasa-mahkemesi","tag-chp-son-dakika","tag-hsk","tag-son-dakika","tag-son-dakika-anayasa-mahkemesi","tag-son-dakika-chp"],"acf":[],"_links":{"self":[{"href":"https:\/\/www.nationalturk.com\/tr\/wp-json\/wp\/v2\/posts\/159773","targetHints":{"allow":["GET"]}}],"collection":[{"href":"https:\/\/www.nationalturk.com\/tr\/wp-json\/wp\/v2\/posts"}],"about":[{"href":"https:\/\/www.nationalturk.com\/tr\/wp-json\/wp\/v2\/types\/post"}],"author":[{"embeddable":true,"href":"https:\/\/www.nationalturk.com\/tr\/wp-json\/wp\/v2\/users\/4"}],"replies":[{"embeddable":true,"href":"https:\/\/www.nationalturk.com\/tr\/wp-json\/wp\/v2\/comments?post=159773"}],"version-history":[{"count":0,"href":"https:\/\/www.nationalturk.com\/tr\/wp-json\/wp\/v2\/posts\/159773\/revisions"}],"wp:featuredmedia":[{"embeddable":true,"href":"https:\/\/www.nationalturk.com\/tr\/wp-json\/wp\/v2\/media\/297370"}],"wp:attachment":[{"href":"https:\/\/www.nationalturk.com\/tr\/wp-json\/wp\/v2\/media?parent=159773"}],"wp:term":[{"taxonomy":"category","embeddable":true,"href":"https:\/\/www.nationalturk.com\/tr\/wp-json\/wp\/v2\/categories?post=159773"},{"taxonomy":"post_tag","embeddable":true,"href":"https:\/\/www.nationalturk.com\/tr\/wp-json\/wp\/v2\/tags?post=159773"}],"curies":[{"name":"wp","href":"https:\/\/api.w.org\/{rel}","templated":true}]}}