{"id":159777,"date":"2014-02-21T17:34:15","date_gmt":"2014-02-21T15:34:15","guid":{"rendered":"http:\/\/www.nationalturk.com\/?p=159777"},"modified":"2014-06-11T16:16:02","modified_gmt":"2014-06-11T13:16:02","slug":"dunya-kupasi-statlarindan-biri-daha-acildi-159777","status":"publish","type":"post","link":"https:\/\/www.nationalturk.com\/tr\/dunya-kupasi-statlarindan-biri-daha-acildi-159777\/","title":{"rendered":"D\u00fcnya Kupas\u0131 statlar\u0131ndan biri daha a\u00e7\u0131ld\u0131"},"content":{"rendered":"<p><img loading=\"lazy\" decoding=\"async\" class=\"alignnone size-full wp-image-159778\" alt=\"D\u00fcnya Kupas\u0131 statlar\u0131\" src=\"http:\/\/www.nationalturk.com\/tr\/wp-content\/uploads\/2014\/02\/dunya_kupasi_stat_beira_rio.jpg\" width=\"610\" height=\"358\" title=\"\" srcset=\"https:\/\/www.nationalturk.com\/tr\/wp-content\/uploads\/2014\/02\/dunya_kupasi_stat_beira_rio.jpg 610w, https:\/\/www.nationalturk.com\/tr\/wp-content\/uploads\/2014\/02\/dunya_kupasi_stat_beira_rio-280x164.jpg 280w\" sizes=\"auto, (max-width: 610px) 100vw, 610px\" \/><\/p>\n<h1>FIFA 2014 D\u00fcnya Kupas\u0131&#8217;na ev sahipli\u011fi yapacak Brezilya&#8217;da Beira-Rio Stadyumu&#8217;nun resmi a\u00e7\u0131l\u0131\u015f\u0131 Cumhurba\u015fkan\u0131 Dilma Rousseff taraf\u0131ndan yap\u0131ld\u0131.<\/h1>\n<p>Brezilya Cumhurba\u015fkan\u0131 Dilma Rousseff&#8217;in kat\u0131l\u0131m\u0131yla ger\u00e7ekle\u015fen a\u00e7\u0131l\u0131\u015fta, FIFA Genel Sekreteri Jerome Valcke&#8217;nin yan\u0131 s\u0131ra \u00fclkenin eski futbolcular\u0131 Ronaldo ve Falcao ile Atletico Mineiro&#8217;da top ko\u015fturan Ronaldinho da haz\u0131r bulundu. \u0130lk olarak 1969&#8217;da a\u00e7\u0131l\u0131\u015f\u0131 yap\u0131lan Beira Rio Stadyumu 2012 y\u0131l\u0131nda yenileme \u00e7al\u0131\u015fmalar\u0131 i\u00e7in kapat\u0131lm\u0131\u015ft\u0131.<\/p>\n<p>Internacional tak\u0131m\u0131na ev sahipli\u011fi yapan stat 2014 D\u00fcnya Kupas\u0131 i\u00e7in yenilendi. 51 bin 300 ki\u015filik kapasiteye sahip statta, haziran ay\u0131nda ba\u015flayacak turnuvada 4 grup ma\u00e7\u0131 ve bir ikinci tur ma\u00e7\u0131 olmak \u00fczere toplam 5 kar\u015f\u0131la\u015fma oynanacak.<\/p>\n<p>Porto Alegre \u015fehrinde bulunan Beira-Rio Stad\u0131&#8217;n\u0131n da aralar\u0131nda bulundu\u011fu ve 12 stad\u0131n ev sahipli\u011fi yapaca\u011f\u0131 2014 FIFA D\u00fcnya Kupas\u0131, 12 Haziran-13 Temmuz tarihleri aras\u0131nda d\u00fczenlenecek.<\/p>\n<!-- Error, Advert is not available at this time due to schedule\/geolocation restrictions! -->\n","protected":false},"excerpt":{"rendered":"<p>FIFA 2014 D\u00fcnya Kupas\u0131&#8217;na ev sahipli\u011fi yapacak Brezilya&#8217;da Beira-Rio Stadyumu&#8217;nun resmi a\u00e7\u0131l\u0131\u015f\u0131 Cumhurba\u015fkan\u0131 Dilma Rousseff taraf\u0131ndan yap\u0131ld\u0131.<\/p>\n","protected":false},"author":4,"featured_media":159778,"comment_status":"open","ping_status":"open","sticky":false,"template":"","format":"standard","meta":{"_acf_changed":false,"footnotes":""},"categories":[8244],"tags":[83620,54846,154755,154750,154752,154751,1178,154747,154748,154753],"class_list":["post-159777","post","type-post","status-publish","format-standard","has-post-thumbnail","hentry","category-fifa-dunya-kupasi","tag-83620","tag-2014-dunya-kupasi","tag-2014-dunya-kupasi-statlari","tag-beira-rio","tag-beira-rio-stadi","tag-beira-rio-stadyumu","tag-brezilya","tag-dunya-kupasi-stat","tag-dunya-kupasi-statlari","tag-porto-alegre"],"acf":[],"_links":{"self":[{"href":"https:\/\/www.nationalturk.com\/tr\/wp-json\/wp\/v2\/posts\/159777","targetHints":{"allow":["GET"]}}],"collection":[{"href":"https:\/\/www.nationalturk.com\/tr\/wp-json\/wp\/v2\/posts"}],"about":[{"href":"https:\/\/www.nationalturk.com\/tr\/wp-json\/wp\/v2\/types\/post"}],"author":[{"embeddable":true,"href":"https:\/\/www.nationalturk.com\/tr\/wp-json\/wp\/v2\/users\/4"}],"replies":[{"embeddable":true,"href":"https:\/\/www.nationalturk.com\/tr\/wp-json\/wp\/v2\/comments?post=159777"}],"version-history":[{"count":0,"href":"https:\/\/www.nationalturk.com\/tr\/wp-json\/wp\/v2\/posts\/159777\/revisions"}],"wp:featuredmedia":[{"embeddable":true,"href":"https:\/\/www.nationalturk.com\/tr\/wp-json\/wp\/v2\/media\/159778"}],"wp:attachment":[{"href":"https:\/\/www.nationalturk.com\/tr\/wp-json\/wp\/v2\/media?parent=159777"}],"wp:term":[{"taxonomy":"category","embeddable":true,"href":"https:\/\/www.nationalturk.com\/tr\/wp-json\/wp\/v2\/categories?post=159777"},{"taxonomy":"post_tag","embeddable":true,"href":"https:\/\/www.nationalturk.com\/tr\/wp-json\/wp\/v2\/tags?post=159777"}],"curies":[{"name":"wp","href":"https:\/\/api.w.org\/{rel}","templated":true}]}}