{"id":159835,"date":"2014-02-23T17:01:33","date_gmt":"2014-02-23T15:01:33","guid":{"rendered":"http:\/\/www.nationalturk.com\/?p=159835"},"modified":"2014-02-23T17:01:33","modified_gmt":"2014-02-23T15:01:33","slug":"3-gununde-3-saat-coktu-159835","status":"publish","type":"post","link":"https:\/\/www.nationalturk.com\/tr\/3-gununde-3-saat-coktu-159835\/","title":{"rendered":"3. g\u00fcn\u00fcnde 3 saat \u00e7\u00f6kt\u00fc!"},"content":{"rendered":"<h1><img loading=\"lazy\" decoding=\"async\" class=\"alignleft size-medium wp-image-159836\" alt=\"2686_whatsapp\" src=\"http:\/\/www.nationalturk.com\/tr\/wp-content\/uploads\/2014\/02\/2686_whatsapp-280x175.jpg\" width=\"280\" height=\"175\" title=\"\" srcset=\"https:\/\/www.nationalturk.com\/tr\/wp-content\/uploads\/2014\/02\/2686_whatsapp-280x175.jpg 280w, https:\/\/www.nationalturk.com\/tr\/wp-content\/uploads\/2014\/02\/2686_whatsapp-610x383.jpg 610w, https:\/\/www.nationalturk.com\/tr\/wp-content\/uploads\/2014\/02\/2686_whatsapp.jpg 635w\" sizes=\"auto, (max-width: 280px) 100vw, 280px\" \/>Ge\u00e7ti\u011fimiz g\u00fcnlerde Facebook&#8217;un 19 Milyar Dolara sat\u0131n ald\u0131\u011f\u0131 mesajlama uygulamas\u0131 Whatsapp d\u00fcn ak\u015fam saatlerinde yakla\u015f\u0131k 3 saat teknik ar\u0131za problemi ya\u015fad\u0131.<\/h1>\n<p>WhatsApp d\u00fcn yakla\u015f\u0131k 3 saat s\u00fcren teknik ar\u0131za ya\u015fad\u0131. \u015eirket yetkilileri daha sonra sistemin normale d\u00f6nd\u00fc\u011f\u00fcn\u00fc belirtirken, teknik ar\u0131za s\u0131ras\u0131nda sosyal medya \u00fczerinde WhatsApp kullan\u0131c\u0131lar\u0131 isyan etti.<\/p>\n<p>\u015eirket de resmi olarak ar\u0131zay\u0131 Twitter \u00fczerinden duyururken birde &#8221;\u00f6z\u00fcr mesaj\u0131&#8221; yay\u0131nlad\u0131. Yay\u0131nlanan mesaj da &#8221;Teknik bir ar\u0131za ya\u015f\u0131yoruz. K\u0131sa zamanda geri d\u00f6nmeyi umut ediyoruz. \u00d6z\u00fcr dileriz&#8221; denildi.<\/p>\n<p>5 y\u0131ld\u0131r kullan\u0131mda olan WhatsApp uygulamas\u0131n\u0131n 450 milyona yak\u0131n kullan\u0131c\u0131 bulunuyor.<\/p>\n<!-- Error, Advert is not available at this time due to schedule\/geolocation restrictions! -->\n","protected":false},"excerpt":{"rendered":"<p>Ge\u00e7ti\u011fimiz g\u00fcnlerde Facebook&#8217;un 19 Milyar Dolara sat\u0131n ald\u0131\u011f\u0131 mesajlama uygulamas\u0131 Whatsapp d\u00fcn ak\u015fam saatlerinde yakla\u015f\u0131k 3 saat teknik ar\u0131za problemi ya\u015fad\u0131.<\/p>\n","protected":false},"author":9192221,"featured_media":175415,"comment_status":"open","ping_status":"open","sticky":false,"template":"","format":"standard","meta":{"_acf_changed":false,"footnotes":""},"categories":[6665,6155,6224],"tags":[4905,61671,195938,48055],"class_list":["post-159835","post","type-post","status-publish","format-standard","has-post-thumbnail","hentry","category-dunya","category-gundem","category-teknoloji","tag-facebook","tag-sosyal-medya","tag-turkiye","tag-twitter"],"acf":[],"_links":{"self":[{"href":"https:\/\/www.nationalturk.com\/tr\/wp-json\/wp\/v2\/posts\/159835","targetHints":{"allow":["GET"]}}],"collection":[{"href":"https:\/\/www.nationalturk.com\/tr\/wp-json\/wp\/v2\/posts"}],"about":[{"href":"https:\/\/www.nationalturk.com\/tr\/wp-json\/wp\/v2\/types\/post"}],"author":[{"embeddable":true,"href":"https:\/\/www.nationalturk.com\/tr\/wp-json\/wp\/v2\/users\/9192221"}],"replies":[{"embeddable":true,"href":"https:\/\/www.nationalturk.com\/tr\/wp-json\/wp\/v2\/comments?post=159835"}],"version-history":[{"count":0,"href":"https:\/\/www.nationalturk.com\/tr\/wp-json\/wp\/v2\/posts\/159835\/revisions"}],"wp:featuredmedia":[{"embeddable":true,"href":"https:\/\/www.nationalturk.com\/tr\/wp-json\/wp\/v2\/media\/175415"}],"wp:attachment":[{"href":"https:\/\/www.nationalturk.com\/tr\/wp-json\/wp\/v2\/media?parent=159835"}],"wp:term":[{"taxonomy":"category","embeddable":true,"href":"https:\/\/www.nationalturk.com\/tr\/wp-json\/wp\/v2\/categories?post=159835"},{"taxonomy":"post_tag","embeddable":true,"href":"https:\/\/www.nationalturk.com\/tr\/wp-json\/wp\/v2\/tags?post=159835"}],"curies":[{"name":"wp","href":"https:\/\/api.w.org\/{rel}","templated":true}]}}