{"id":160024,"date":"2014-02-25T17:19:59","date_gmt":"2014-02-25T15:19:59","guid":{"rendered":"http:\/\/www.nationalturk.com\/?p=160024"},"modified":"2014-02-25T17:19:59","modified_gmt":"2014-02-25T15:19:59","slug":"dans-dendi-ama-melo-pfdkya-sevk-edildi-160024","status":"publish","type":"post","link":"https:\/\/www.nationalturk.com\/tr\/dans-dendi-ama-melo-pfdkya-sevk-edildi-160024\/","title":{"rendered":"&#8220;Dans&#8221; dendi ama Melo PFDK&#8217;ya sevk edildi"},"content":{"rendered":"<p><img loading=\"lazy\" decoding=\"async\" class=\"alignnone size-large wp-image-160025\" alt=\"Melo\" src=\"http:\/\/www.nationalturk.com\/tr\/wp-content\/uploads\/2014\/02\/melo_besiktas_hareket-610x342.jpg\" width=\"610\" height=\"342\" title=\"\" srcset=\"https:\/\/www.nationalturk.com\/tr\/wp-content\/uploads\/2014\/02\/melo_besiktas_hareket-610x342.jpg 610w, https:\/\/www.nationalturk.com\/tr\/wp-content\/uploads\/2014\/02\/melo_besiktas_hareket-280x157.jpg 280w, https:\/\/www.nationalturk.com\/tr\/wp-content\/uploads\/2014\/02\/melo_besiktas_hareket.jpg 633w\" sizes=\"auto, (max-width: 610px) 100vw, 610px\" \/><\/p>\n<h1>Galatasaray Be\u015fikta\u015f derbisi sonras\u0131 sar\u0131 k\u0131rm\u0131z\u0131l\u0131 trib\u00fcnler \u00f6n\u00fcne giderek enteresan hareketler yapan Felipe Melo PGDK&#8217;ya sevk edildi.<\/h1>\n<p>Galatasaray&#8217;\u0131n Brezilyal\u0131 futbolcusu Felipe Melo, Be\u015fikta\u015f ile oynanan derbi ma\u00e7\u0131n biti\u015f d\u00fcd\u00fc\u011f\u00fcn\u00fcn ard\u0131ndan yapt\u0131\u011f\u0131 sevin\u00e7 hareketi nedeniyle Profesyonel Futbol Disiplin Kurulu&#8217;na (PFDK) sevk edildi. Galatasaray&#8217;\u0131n 1-0&#8217;l\u0131k galibiyetiyle biten ma\u00e7 sonras\u0131\u00a0Melo&#8217;nun sevin\u00e7 hareketi g\u00fcndeme oturmu\u015ftu. Galatasarayl\u0131 futbolcu Melo, ma\u00e7 sonunda yapt\u0131\u011f\u0131 hareket nedeniyle PFDK&#8217;ya sevk edildi.<\/p>\n<!-- Error, Advert is not available at this time due to schedule\/geolocation restrictions! -->\n","protected":false},"excerpt":{"rendered":"<p>Galatasaray Be\u015fikta\u015f derbisi sonras\u0131 sar\u0131 k\u0131rm\u0131z\u0131l\u0131 trib\u00fcnler \u00f6n\u00fcne giderek enteresan hareketler yapan Felipe Melo PGDK&#8217;ya sevk edildi.<\/p>\n","protected":false},"author":4,"featured_media":175386,"comment_status":"open","ping_status":"open","sticky":false,"template":"","format":"standard","meta":{"_acf_changed":false,"footnotes":""},"categories":[6774,6194],"tags":[1748,31048,4114,54967,41355,85903],"class_list":["post-160024","post","type-post","status-publish","format-standard","has-post-thumbnail","hentry","category-futbol","category-spor","tag-besiktas","tag-felipe-melo","tag-galatasaray","tag-galatasaray-besiktas","tag-galatasaray-besiktas-maci","tag-melo-pfdk"],"acf":[],"_links":{"self":[{"href":"https:\/\/www.nationalturk.com\/tr\/wp-json\/wp\/v2\/posts\/160024","targetHints":{"allow":["GET"]}}],"collection":[{"href":"https:\/\/www.nationalturk.com\/tr\/wp-json\/wp\/v2\/posts"}],"about":[{"href":"https:\/\/www.nationalturk.com\/tr\/wp-json\/wp\/v2\/types\/post"}],"author":[{"embeddable":true,"href":"https:\/\/www.nationalturk.com\/tr\/wp-json\/wp\/v2\/users\/4"}],"replies":[{"embeddable":true,"href":"https:\/\/www.nationalturk.com\/tr\/wp-json\/wp\/v2\/comments?post=160024"}],"version-history":[{"count":0,"href":"https:\/\/www.nationalturk.com\/tr\/wp-json\/wp\/v2\/posts\/160024\/revisions"}],"wp:featuredmedia":[{"embeddable":true,"href":"https:\/\/www.nationalturk.com\/tr\/wp-json\/wp\/v2\/media\/175386"}],"wp:attachment":[{"href":"https:\/\/www.nationalturk.com\/tr\/wp-json\/wp\/v2\/media?parent=160024"}],"wp:term":[{"taxonomy":"category","embeddable":true,"href":"https:\/\/www.nationalturk.com\/tr\/wp-json\/wp\/v2\/categories?post=160024"},{"taxonomy":"post_tag","embeddable":true,"href":"https:\/\/www.nationalturk.com\/tr\/wp-json\/wp\/v2\/tags?post=160024"}],"curies":[{"name":"wp","href":"https:\/\/api.w.org\/{rel}","templated":true}]}}