{"id":160090,"date":"2014-02-26T11:13:19","date_gmt":"2014-02-26T09:13:19","guid":{"rendered":"http:\/\/www.nationalturk.com\/?p=160090"},"modified":"2014-02-26T11:13:19","modified_gmt":"2014-02-26T09:13:19","slug":"burhan-kuzu-akp-secmenini-ozetledi-ses-kaydi-dogru-olsa-bile-inanan-yok-160090","status":"publish","type":"post","link":"https:\/\/www.nationalturk.com\/tr\/burhan-kuzu-akp-secmenini-ozetledi-ses-kaydi-dogru-olsa-bile-inanan-yok-160090\/","title":{"rendered":"Burhan Kuzu AKP se\u00e7menini \u00f6zetledi: Ses kayd\u0131 do\u011fru olsa bile inanan yok!"},"content":{"rendered":"<h1><img loading=\"lazy\" decoding=\"async\" class=\"alignleft size-medium wp-image-160091\" alt=\"Burhan Kuzu\" src=\"http:\/\/www.nationalturk.com\/tr\/wp-content\/uploads\/2014\/02\/burhankuzu-280x210.jpg\" width=\"280\" height=\"210\" title=\"\" srcset=\"https:\/\/www.nationalturk.com\/tr\/wp-content\/uploads\/2014\/02\/burhankuzu-280x210.jpg 280w, https:\/\/www.nationalturk.com\/tr\/wp-content\/uploads\/2014\/02\/burhankuzu.jpg 300w\" sizes=\"auto, (max-width: 280px) 100vw, 280px\" \/><\/h1>\n<h1>TBMM Anayasa Komisyonu Ba\u015fkan\u0131 ve AKP milletvekili Burhan Kuzu, Ba\u015fbakan Erdo\u011fan ile o\u011flu Bilal Erdo\u011fan aras\u0131nda ge\u00e7ti\u011fi iddia edilen ses kayd\u0131 hakk\u0131nda \u00e7ok tart\u0131\u015f\u0131lacak bir a\u00e7\u0131klama yapt\u0131. Kuzu, &#8216;do\u011fru olsa bile inanan yok&#8217; dedi.<\/h1>\n<p>AK Parti Milletvekili ve TBMM Anayasa Komisyonu Ba\u015fkan\u0131 Burhan Kuzu, Ba\u015fbakan Erdo\u011fan&#8217;\u0131n ses kayd\u0131 do\u011fru olsa bile kimsenin bunlara inanmayaca\u011f\u0131n\u0131 iddia etti. Burhan Kuzu\u00a0Twitter \u00fczerinden yay\u0131nlad\u0131\u011f\u0131 bir tweet&#8217;inde \u201cHalk\u0131n aras\u0131nday\u0131m; \u0130nan\u0131n bu uydurma kaset ve ses kay\u0131tlar\u0131na do\u011fru olsa bile inanan yok. Millet bu iktidardan memnun. Enerjinizi ba\u015fka yere. Kasetlerin muhtevas\u0131n\u0131 b\u0131rak\u0131n Mahkemeler de\u011ferlendirsin. Kesin karar olmad\u0131k\u00e7a masumiyet esast\u0131r ve herkes su\u00e7suz say\u0131l\u0131r.Ben buna hep uydum\u201d ifadelerini kulland\u0131.<\/p>\n<p>Burhan Kuzu daha sonra &#8220;Uydurma kaset ve ses kay\u0131tlar\u0131na do\u011fru olsa bile inanan yok&#8221; ifadesinin \u00e7arp\u0131t\u0131ld\u0131\u011f\u0131n\u0131 iddia ederek &#8220;S\u00f6z\u00fcm\u00fc hemen \u00e7arp\u0131tt\u0131lar. Bu, vatanda\u015f\u0131n bu muhalefete inanmad\u0131\u011f\u0131n\u0131 anlatmak i\u00e7indir&#8221; dedi.<\/p>\n<!-- Error, Advert is not available at this time due to schedule\/geolocation restrictions! -->\n","protected":false},"excerpt":{"rendered":"<p>TBMM Anayasa Komisyonu Ba\u015fkan\u0131 ve AKP milletvekili Burhan Kuzu, Ba\u015fbakan Erdo\u011fan ile o\u011flu Bilal Erdo\u011fan aras\u0131nda ge\u00e7ti\u011fi iddia edilen ses kayd\u0131 hakk\u0131nda \u00e7ok tart\u0131\u015f\u0131lacak bir a\u00e7\u0131klama yapt\u0131. Kuzu, &#8216;do\u011fru olsa bile inanan yok&#8217; dedi.<\/p>\n","protected":false},"author":4,"featured_media":175377,"comment_status":"open","ping_status":"open","sticky":false,"template":"","format":"standard","meta":{"_acf_changed":false,"footnotes":""},"categories":[6155,5005,6202,6805],"tags":[9476,3888,146463,15516,155058,154971,6871],"class_list":["post-160090","post","type-post","status-publish","format-standard","has-post-thumbnail","hentry","category-gundem","category-manset","category-politika","category-turkiye","tag-akp","tag-basbakan-erdogan","tag-bilal-erdogan","tag-burhan-kuzu","tag-erdogan-ses-kaydi","tag-ses-kaydi","tag-tbmm"],"acf":[],"_links":{"self":[{"href":"https:\/\/www.nationalturk.com\/tr\/wp-json\/wp\/v2\/posts\/160090","targetHints":{"allow":["GET"]}}],"collection":[{"href":"https:\/\/www.nationalturk.com\/tr\/wp-json\/wp\/v2\/posts"}],"about":[{"href":"https:\/\/www.nationalturk.com\/tr\/wp-json\/wp\/v2\/types\/post"}],"author":[{"embeddable":true,"href":"https:\/\/www.nationalturk.com\/tr\/wp-json\/wp\/v2\/users\/4"}],"replies":[{"embeddable":true,"href":"https:\/\/www.nationalturk.com\/tr\/wp-json\/wp\/v2\/comments?post=160090"}],"version-history":[{"count":0,"href":"https:\/\/www.nationalturk.com\/tr\/wp-json\/wp\/v2\/posts\/160090\/revisions"}],"wp:featuredmedia":[{"embeddable":true,"href":"https:\/\/www.nationalturk.com\/tr\/wp-json\/wp\/v2\/media\/175377"}],"wp:attachment":[{"href":"https:\/\/www.nationalturk.com\/tr\/wp-json\/wp\/v2\/media?parent=160090"}],"wp:term":[{"taxonomy":"category","embeddable":true,"href":"https:\/\/www.nationalturk.com\/tr\/wp-json\/wp\/v2\/categories?post=160090"},{"taxonomy":"post_tag","embeddable":true,"href":"https:\/\/www.nationalturk.com\/tr\/wp-json\/wp\/v2\/tags?post=160090"}],"curies":[{"name":"wp","href":"https:\/\/api.w.org\/{rel}","templated":true}]}}