{"id":160430,"date":"2014-03-03T12:09:32","date_gmt":"2014-03-03T10:09:32","guid":{"rendered":"http:\/\/www.nationalturk.com\/?p=160430"},"modified":"2014-03-03T12:09:32","modified_gmt":"2014-03-03T10:09:32","slug":"mustafa-sarigul-yumruk-atti-iddiasi-160430","status":"publish","type":"post","link":"https:\/\/www.nationalturk.com\/tr\/mustafa-sarigul-yumruk-atti-iddiasi-160430\/","title":{"rendered":"Mustafa Sar\u0131g\u00fcl yumruk att\u0131 iddias\u0131!"},"content":{"rendered":"<p><img loading=\"lazy\" decoding=\"async\" class=\"alignnone size-full wp-image-160431\" alt=\"Mustafa Sar\u0131g\u00fcl yumruk\" src=\"http:\/\/www.nationalturk.com\/tr\/wp-content\/uploads\/2014\/03\/mustafa_sarigul_yumruk.jpeg\" width=\"610\" height=\"330\" title=\"\"><\/p>\n<h1>CHP \u0130stanbul B\u00fcy\u00fck\u015fehir Belediye Ba\u015fkan aday\u0131 Mustafa Sar\u0131g\u00fcl yumruk iddias\u0131yla g\u00fcndemde. Haber7&#8217;nin iddias\u0131na g\u00f6re Mustafa Sar\u0131g\u00fcl, kendisini protesto eden bir ki\u015fiyi yumruklad\u0131.<\/h1>\n<p>Mustafa Sar\u0131g\u00fcl&#8217;\u00fcn, Trabzon G\u00fcnleri toplant\u0131lar\u0131nda protesto edilerek konu\u015fturulmad\u0131\u011f\u0131 ve sinirlenerek bir vatanda\u015f\u0131 yumruklad\u0131\u011f\u0131 ileri s\u00fcr\u00fcld\u00fc.\u00a0Mustafa Sar\u0131g\u00fcl, Feshane&#8217;de d\u00fczenlenen Trabzon G\u00fcnleri&#8217;ne kat\u0131ld\u0131. www.haber7.com, t\u00f6ren s\u0131ras\u0131nda Mustafa Sar\u0131g\u00fcl&#8217;\u00fcn protesto edildi\u011fini, sinirlenerek k\u00fcrs\u00fcden indi\u011fini ve bu s\u0131rada kendisini protesto eden bir vatanda\u015f\u0131 da yumruklad\u0131\u011f\u0131n\u0131 iddia etti.<\/p>\n<p>Haber7.com&#8217;da yay\u0131nlanan g\u00f6r\u00fcnt\u00fclerde ise Sar\u0131g\u00fcl&#8217;\u00fcn salondan \u00e7\u0131k\u0131\u015f\u0131 s\u0131ras\u0131nda k\u0131sa s\u00fcreli bir karga\u015fa ya\u015fand\u0131\u011f\u0131 g\u00f6r\u00fcl\u00fcyor. Salondan \u00e7\u0131karken moral bozuklu\u011fu belli olan Sar\u0131g\u00fcl&#8217;\u00fcn korumalar\u0131 ise olay\u0131n ya\u015fand\u0131\u011f\u0131 y\u00f6ne do\u011fru h\u0131zla ilerlerken kameralara yans\u0131yor. Yay\u0131nlanan g\u00f6r\u00fcnt\u00fclerde Mustafa Sar\u0131g\u00fcl&#8217;\u00fcn yumruk att\u0131\u011f\u0131 iddias\u0131 sadece iddia olarak kal\u0131yor.<\/p>\n<!-- Error, Advert is not available at this time due to schedule\/geolocation restrictions! -->\n","protected":false},"excerpt":{"rendered":"<p>CHP \u0130stanbul B\u00fcy\u00fck\u015fehir Belediye Ba\u015fkan aday\u0131 Mustafa Sar\u0131g\u00fcl yumruk iddias\u0131yla g\u00fcndemde. Haber7&#8217;nin iddias\u0131na g\u00f6re Mustafa Sar\u0131g\u00fcl, kendisini protesto eden bir ki\u015fiyi yumruklad\u0131.<\/p>\n","protected":false},"author":4,"featured_media":160431,"comment_status":"open","ping_status":"open","sticky":false,"template":"","format":"standard","meta":{"_acf_changed":false,"footnotes":""},"categories":[6155,5005,6202,6805],"tags":[8723,2266],"class_list":["post-160430","post","type-post","status-publish","format-standard","has-post-thumbnail","hentry","category-gundem","category-manset","category-politika","category-turkiye","tag-chp","tag-mustafa-sarigul"],"acf":[],"_links":{"self":[{"href":"https:\/\/www.nationalturk.com\/tr\/wp-json\/wp\/v2\/posts\/160430","targetHints":{"allow":["GET"]}}],"collection":[{"href":"https:\/\/www.nationalturk.com\/tr\/wp-json\/wp\/v2\/posts"}],"about":[{"href":"https:\/\/www.nationalturk.com\/tr\/wp-json\/wp\/v2\/types\/post"}],"author":[{"embeddable":true,"href":"https:\/\/www.nationalturk.com\/tr\/wp-json\/wp\/v2\/users\/4"}],"replies":[{"embeddable":true,"href":"https:\/\/www.nationalturk.com\/tr\/wp-json\/wp\/v2\/comments?post=160430"}],"version-history":[{"count":0,"href":"https:\/\/www.nationalturk.com\/tr\/wp-json\/wp\/v2\/posts\/160430\/revisions"}],"wp:featuredmedia":[{"embeddable":true,"href":"https:\/\/www.nationalturk.com\/tr\/wp-json\/wp\/v2\/media\/160431"}],"wp:attachment":[{"href":"https:\/\/www.nationalturk.com\/tr\/wp-json\/wp\/v2\/media?parent=160430"}],"wp:term":[{"taxonomy":"category","embeddable":true,"href":"https:\/\/www.nationalturk.com\/tr\/wp-json\/wp\/v2\/categories?post=160430"},{"taxonomy":"post_tag","embeddable":true,"href":"https:\/\/www.nationalturk.com\/tr\/wp-json\/wp\/v2\/tags?post=160430"}],"curies":[{"name":"wp","href":"https:\/\/api.w.org\/{rel}","templated":true}]}}