{"id":160678,"date":"2014-03-05T10:38:25","date_gmt":"2014-03-05T08:38:25","guid":{"rendered":"http:\/\/www.nationalturk.com\/?p=160678"},"modified":"2014-03-05T10:38:25","modified_gmt":"2014-03-05T08:38:25","slug":"montaj-dublaj-santaj-manset-sandik-muammer-guler-bir-seyler-soyledi-160678","status":"publish","type":"post","link":"https:\/\/www.nationalturk.com\/tr\/montaj-dublaj-santaj-manset-sandik-muammer-guler-bir-seyler-soyledi-160678\/","title":{"rendered":"Montaj, dublaj, \u015fantaj, man\u015fet, sand\u0131k&#8230; Muammer G\u00fcler bir \u015feyler s\u00f6yledi"},"content":{"rendered":"<p><img loading=\"lazy\" decoding=\"async\" class=\"alignleft size-medium wp-image-160679\" alt=\"Muammer G\u00fcler\" src=\"http:\/\/www.nationalturk.com\/tr\/wp-content\/uploads\/2014\/03\/muammer_gulerr_makam-280x196.jpeg\" width=\"280\" height=\"196\" title=\"\" srcset=\"https:\/\/www.nationalturk.com\/tr\/wp-content\/uploads\/2014\/03\/muammer_gulerr_makam-280x196.jpeg 280w, https:\/\/www.nationalturk.com\/tr\/wp-content\/uploads\/2014\/03\/muammer_gulerr_makam.jpeg 450w\" sizes=\"auto, (max-width: 280px) 100vw, 280px\" \/><\/p>\n<h1>17 Aral\u0131k operasyonunun ger\u00e7ekle\u015ftirildi\u011fi sabah soru\u015fturma kapsam\u0131nda tutuklanan o\u011flu Bar\u0131\u015f G\u00fcler ile konu\u015fmas\u0131 medyaya yans\u0131yan eski bakan Muammer G\u00fcler sand\u0131ktan falan bahsetti.<\/h1>\n<p>AKP Mardin Milletvekili Muammer G\u00fcler, Mardin&#8217;in K\u0131z\u0131ltepe il\u00e7esi Cumhuriyet Mahallesi&#8217;ndeki AKP se\u00e7im b\u00fcrosunda yapt\u0131\u011f\u0131 konu\u015fmada, 30 Mart&#8217;\u0131n sadece yerel se\u00e7imlerden ibaret olmayaca\u011f\u0131n\u0131 s\u00f6yledi.<\/p>\n<p>Gezi Park\u0131 olaylar\u0131 ve sonras\u0131nda ya\u015fananlardaki esas maksad\u0131, k\u00f6yde ve \u015fehirde ya\u015fayan herkesin anlad\u0131\u011f\u0131n\u0131 ileri s\u00fcren Muammer G\u00fcler \u015funlar\u0131 s\u00f6yledi:<\/p>\n<p><span style=\"line-height: 1.5em;\">&#8220;Herkes g\u00f6z\u00fcn\u00fc fal ta\u015f\u0131 gibi a\u00e7m\u0131\u015f, filmi g\u00f6r\u00fcyor ama filmin i\u00e7indeki filmi daha \u00e7ok g\u00f6r\u00fcyor. Bu i\u015fin alt\u0131ndan kalkacak tek ki\u015fi, g\u00fc\u00e7l\u00fc bir h\u00fck\u00fcmet ve g\u00fc\u00e7l\u00fc bir ba\u015fbakand\u0131r. \u0130rademizi ba\u015fkas\u0131na teslim edemiyorsak, bu h\u00fck\u00fcmetin g\u00fcc\u00fcn\u00fc ayakta tutmaya mecburuz. Benimle ilgili hi\u00e7 ku\u015fkunuz olmas\u0131n. Ben hesab\u0131 veririm ama ba\u015fka hesap vereceklere s\u0131ra geldi\u011fi zaman onlar da hesab\u0131n\u0131 verecek. Kim, ne yapm\u0131\u015fsa onun hesab\u0131n\u0131 g\u00f6r\u00fcr ama siz as\u0131l hesab\u0131 sand\u0131kta g\u00f6receksiniz. Hani kasetler, montajlar, dublajlar, man\u015fetler&#8230; En son man\u015fet, 30 Mart g\u00fcn\u00fcd\u00fcr. Sand\u0131klardaki man\u015fet, en \u00f6nemli man\u015fettir.&#8221;<\/span><\/p>\n<!-- Error, Advert is not available at this time due to schedule\/geolocation restrictions! -->\n","protected":false},"excerpt":{"rendered":"<p>17 Aral\u0131k operasyonunun ger\u00e7ekle\u015ftirildi\u011fi sabah soru\u015fturma kapsam\u0131nda tutuklanan o\u011flu Bar\u0131\u015f G\u00fcler ile konu\u015fmas\u0131 medyaya yans\u0131yan eski bakan Muammer G\u00fcler sand\u0131ktan falan bahsetti.<\/p>\n","protected":false},"author":4,"featured_media":175307,"comment_status":"open","ping_status":"open","sticky":false,"template":"","format":"standard","meta":{"_acf_changed":false,"footnotes":""},"categories":[6155,5005,6202,6805],"tags":[4350,125258,47706,153692],"class_list":["post-160678","post","type-post","status-publish","format-standard","has-post-thumbnail","hentry","category-gundem","category-manset","category-politika","category-turkiye","tag-muammer-guler","tag-muammer-guler-aciklama","tag-muammer-guler-mardin","tag-muammer-guler-tape"],"acf":[],"_links":{"self":[{"href":"https:\/\/www.nationalturk.com\/tr\/wp-json\/wp\/v2\/posts\/160678","targetHints":{"allow":["GET"]}}],"collection":[{"href":"https:\/\/www.nationalturk.com\/tr\/wp-json\/wp\/v2\/posts"}],"about":[{"href":"https:\/\/www.nationalturk.com\/tr\/wp-json\/wp\/v2\/types\/post"}],"author":[{"embeddable":true,"href":"https:\/\/www.nationalturk.com\/tr\/wp-json\/wp\/v2\/users\/4"}],"replies":[{"embeddable":true,"href":"https:\/\/www.nationalturk.com\/tr\/wp-json\/wp\/v2\/comments?post=160678"}],"version-history":[{"count":0,"href":"https:\/\/www.nationalturk.com\/tr\/wp-json\/wp\/v2\/posts\/160678\/revisions"}],"wp:featuredmedia":[{"embeddable":true,"href":"https:\/\/www.nationalturk.com\/tr\/wp-json\/wp\/v2\/media\/175307"}],"wp:attachment":[{"href":"https:\/\/www.nationalturk.com\/tr\/wp-json\/wp\/v2\/media?parent=160678"}],"wp:term":[{"taxonomy":"category","embeddable":true,"href":"https:\/\/www.nationalturk.com\/tr\/wp-json\/wp\/v2\/categories?post=160678"},{"taxonomy":"post_tag","embeddable":true,"href":"https:\/\/www.nationalturk.com\/tr\/wp-json\/wp\/v2\/tags?post=160678"}],"curies":[{"name":"wp","href":"https:\/\/api.w.org\/{rel}","templated":true}]}}