{"id":160809,"date":"2014-03-06T12:56:20","date_gmt":"2014-03-06T10:56:20","guid":{"rendered":"http:\/\/www.nationalturk.com\/?p=160809"},"modified":"2014-03-06T12:56:20","modified_gmt":"2014-03-06T10:56:20","slug":"yves-saint-laurent-bahcesi-buyuluyor-231","status":"publish","type":"post","link":"https:\/\/www.nationalturk.com\/tr\/yves-saint-laurent-bahcesi-buyuluyor-231\/","title":{"rendered":"Yves Saint Laurent Bah\u00e7esi B\u00fcy\u00fcl\u00fcyor"},"content":{"rendered":"<h1><a href=\"http:\/\/www.nationalturk.com\/tr\/wp-content\/uploads\/2014\/03\/MAJORELLE-BAHCES\u0130-FAS-MARAKE\u015e.jpg\"><img loading=\"lazy\" decoding=\"async\" class=\"alignnone size-large wp-image-160811\" alt=\"MAJORELLE-BAHCES\u0130-FAS-MARAKE\u015e\" src=\"http:\/\/www.nationalturk.com\/tr\/wp-content\/uploads\/2014\/03\/MAJORELLE-BAHCES\u0130-FAS-MARAKE\u015e-500x400.jpg\" width=\"600\" height=\"400\" title=\"\"><\/a><\/h1>\n<h1>Kuzey Afrika \u00fclkesi Fas&#8217;\u0131n en sevilen \u015fehirlerinden biri olan Marake\u015f yerli ve yabanc\u0131 turistlerin ilgisini \u00e7ekiyor. \u015eehrin en s\u0131ra d\u0131\u015f\u0131 yerlerinden biri de Yves Saint Laurent Bah\u00e7esi<\/h1>\n<p>Majorelle Bah\u00e7esi ad\u0131 verilen bu botanik bah\u00e7e, renkleri, kakt\u00fcsleri, avlusu ile Marake\u015f&#8217;i ziyaret edenleri b\u00fcy\u00fcl\u00fcyor. Frans\u0131z sanat\u00e7\u0131 Jacques Majorelle taraf\u0131ndan 1930&#8217;lar\u0131n ba\u015f\u0131nda tasarlanan &#8220;Majorelle Jardin&#8221;, kobalt mavisi ile dikkatleri \u00fczerine onlarca y\u0131l \u00f6nce \u00e7ekmi\u015f. Kuzey Afrika&#8217;da ya\u015fayan 15 ku\u015f \u00e7e\u015fidinin g\u00f6r\u00fclebilece\u011fi bu bah\u00e7e de pek \u00e7ok \u00e7e\u015fme ve kakt\u00fcs bulunuyor. Yves Saint Laurent Bah\u00e7esi olarak an\u0131lmadan \u00f6nce Majorelle Blue olarak bilinen \u00fcnl\u00fc Marake\u015f bah\u00e7esi, ziyaret\u00e7ilerine 1947 y\u0131l\u0131nda a\u00e7\u0131lm\u0131\u015f ve 1980&#8217;lerden bu yana Yves Saint Laurent ve e\u015fi Pierre Berge taraf\u0131ndan korunmu\u015ftur.<\/p>\n<p><a title=\"FAS TURLARI \u0130\u00c7\u0130N TIKLAYINIZ\" href=\"http:\/\/www.wts.com.tr\/akdeniz-gemi-turlari.html\" target=\"_blank\" rel=\"noopener\">FAS TURLARI \u0130\u00c7\u0130N TIKLAYINIZ<\/a><\/p>\n<!-- Error, Advert is not available at this time due to schedule\/geolocation restrictions! -->\n<h2><\/h2>\n<p>&nbsp;<\/p>\n","protected":false},"excerpt":{"rendered":"<p>Kuzey Afrika \u00fclkesi Fas&#8217;\u0131n en sevilen \u015fehirlerinden biri olan Marake\u015f yerli ve yabanc\u0131 turistlerin ilgisini \u00e7ekiyor. \u015eehrin en s\u0131ra d\u0131\u015f\u0131 yerlerinden biri de Yves Saint Laurent Bah\u00e7esi<\/p>\n","protected":false},"author":816,"featured_media":175292,"comment_status":"open","ping_status":"open","sticky":false,"template":"","format":"standard","meta":{"_acf_changed":false,"footnotes":""},"categories":[6767,6229,6671],"tags":[1183,26214],"class_list":["post-160809","post","type-post","status-publish","format-standard","has-post-thumbnail","hentry","category-afrika","category-moda","category-seyahat","tag-fas","tag-marakes"],"acf":[],"_links":{"self":[{"href":"https:\/\/www.nationalturk.com\/tr\/wp-json\/wp\/v2\/posts\/160809","targetHints":{"allow":["GET"]}}],"collection":[{"href":"https:\/\/www.nationalturk.com\/tr\/wp-json\/wp\/v2\/posts"}],"about":[{"href":"https:\/\/www.nationalturk.com\/tr\/wp-json\/wp\/v2\/types\/post"}],"author":[{"embeddable":true,"href":"https:\/\/www.nationalturk.com\/tr\/wp-json\/wp\/v2\/users\/816"}],"replies":[{"embeddable":true,"href":"https:\/\/www.nationalturk.com\/tr\/wp-json\/wp\/v2\/comments?post=160809"}],"version-history":[{"count":0,"href":"https:\/\/www.nationalturk.com\/tr\/wp-json\/wp\/v2\/posts\/160809\/revisions"}],"wp:featuredmedia":[{"embeddable":true,"href":"https:\/\/www.nationalturk.com\/tr\/wp-json\/wp\/v2\/media\/175292"}],"wp:attachment":[{"href":"https:\/\/www.nationalturk.com\/tr\/wp-json\/wp\/v2\/media?parent=160809"}],"wp:term":[{"taxonomy":"category","embeddable":true,"href":"https:\/\/www.nationalturk.com\/tr\/wp-json\/wp\/v2\/categories?post=160809"},{"taxonomy":"post_tag","embeddable":true,"href":"https:\/\/www.nationalturk.com\/tr\/wp-json\/wp\/v2\/tags?post=160809"}],"curies":[{"name":"wp","href":"https:\/\/api.w.org\/{rel}","templated":true}]}}