{"id":160872,"date":"2014-03-07T10:32:33","date_gmt":"2014-03-07T08:32:33","guid":{"rendered":"http:\/\/www.nationalturk.com\/?p=160872"},"modified":"2014-03-07T10:32:33","modified_gmt":"2014-03-07T08:32:33","slug":"rusya-kirim-halkinin-ozgur-secimini-destekleyecektir-160872","status":"publish","type":"post","link":"https:\/\/www.nationalturk.com\/tr\/rusya-kirim-halkinin-ozgur-secimini-destekleyecektir-160872\/","title":{"rendered":"&#8220;Rusya, K\u0131r\u0131m halk\u0131n\u0131n \u00f6zg\u00fcr se\u00e7imini destekleyecektir&#8221;"},"content":{"rendered":"<p><img loading=\"lazy\" decoding=\"async\" class=\"alignleft size-medium wp-image-160873\" alt=\"Sergey Nariskin\" src=\"http:\/\/www.nationalturk.com\/tr\/wp-content\/uploads\/2014\/03\/sergey_nariskin-280x198.jpg\" width=\"280\" height=\"198\" title=\"\" srcset=\"https:\/\/www.nationalturk.com\/tr\/wp-content\/uploads\/2014\/03\/sergey_nariskin-280x198.jpg 280w, https:\/\/www.nationalturk.com\/tr\/wp-content\/uploads\/2014\/03\/sergey_nariskin.jpg 550w\" sizes=\"auto, (max-width: 280px) 100vw, 280px\" \/><\/p>\n<h1>Rusya Devlet Dumas\u0131 Ba\u015fkan\u0131 Sergey Nar\u0131\u015fkin\u00a0&#8216;Rusya, K\u0131r\u0131m ve Sivastopol halk\u0131n\u0131n \u00f6zg\u00fcr ve demokratik se\u00e7imini destekleyecektir&#8217; dedi.<\/h1>\n<p><span style=\"line-height: 1.5em;\">Nar\u0131\u015fkin, K\u0131r\u0131m Y\u00fcksek Konseyi Ba\u015fkan\u0131 Vladimir Konstantinov ile yapt\u0131\u011f\u0131 g\u00f6r\u00fc\u015fmenin ard\u0131ndan yapt\u0131\u011f\u0131 a\u00e7\u0131klamada, K\u0131r\u0131m halk\u0131n\u0131n g\u00fcvenli\u011fini sa\u011flamaya y\u00f6nelik \u00e7abalar\u0131 anlay\u0131\u015fla kar\u015f\u0131lad\u0131klar\u0131n\u0131 vurgulayarak, &#8220;K\u0131r\u0131m y\u00f6netiminin, K\u0131r\u0131m halk\u0131n\u0131n g\u00f6r\u00fc\u015flerini esas alarak referendum yapma arzusu do\u011fal ve anla\u015f\u0131labili. Rusya, K\u0131r\u0131m ve Sivastopol halk\u0131n\u0131n \u00f6zg\u00fcr ve demokratik se\u00e7imini destekleyecektir\u201d dedi.<\/span><\/p>\n<p>K\u0131r\u0131m Y\u00fcksek Konseyi Ba\u015fkan\u0131 Konstantinov da K\u0131r\u0131m Parlamentosu\u2019nca al\u0131nan karara ili\u015fkin Moskova y\u00f6netiminin d\u00fc\u015f\u00fcncelerini \u00f6\u011frenmek i\u00e7in g\u00f6r\u00fc\u015fmeler yapt\u0131\u011f\u0131n\u0131 belirterek, &#8220;Biz konumumuzu belirledik ve Moskova\u2019n\u0131n g\u00f6sterece\u011fi reaksiyon bizim i\u00e7in \u00e7ok \u00f6nemli\u201d ifadelerini kulland\u0131.<\/p>\n<!-- Error, Advert is not available at this time due to schedule\/geolocation restrictions! -->\n","protected":false},"excerpt":{"rendered":"<p>Rusya Devlet Dumas\u0131 Ba\u015fkan\u0131 Sergey Nar\u0131\u015fkin &#8216;Rusya, K\u0131r\u0131m ve Sivastopol halk\u0131n\u0131n \u00f6zg\u00fcr ve demokratik se\u00e7imini destekleyecektir&#8217; dedi.<\/p>\n","protected":false},"author":4,"featured_media":175281,"comment_status":"open","ping_status":"open","sticky":false,"template":"","format":"standard","meta":{"_acf_changed":false,"footnotes":""},"categories":[6770,6665,6155,6202],"tags":[156197,1238,721,155617,137109],"class_list":["post-160872","post","type-post","status-publish","format-standard","has-post-thumbnail","hentry","category-avrupa","category-dunya","category-gundem","category-politika","tag-kirim-parlamentosu","tag-moskova","tag-rusya","tag-rusya-kirim","tag-sivastopol"],"acf":[],"_links":{"self":[{"href":"https:\/\/www.nationalturk.com\/tr\/wp-json\/wp\/v2\/posts\/160872","targetHints":{"allow":["GET"]}}],"collection":[{"href":"https:\/\/www.nationalturk.com\/tr\/wp-json\/wp\/v2\/posts"}],"about":[{"href":"https:\/\/www.nationalturk.com\/tr\/wp-json\/wp\/v2\/types\/post"}],"author":[{"embeddable":true,"href":"https:\/\/www.nationalturk.com\/tr\/wp-json\/wp\/v2\/users\/4"}],"replies":[{"embeddable":true,"href":"https:\/\/www.nationalturk.com\/tr\/wp-json\/wp\/v2\/comments?post=160872"}],"version-history":[{"count":0,"href":"https:\/\/www.nationalturk.com\/tr\/wp-json\/wp\/v2\/posts\/160872\/revisions"}],"wp:featuredmedia":[{"embeddable":true,"href":"https:\/\/www.nationalturk.com\/tr\/wp-json\/wp\/v2\/media\/175281"}],"wp:attachment":[{"href":"https:\/\/www.nationalturk.com\/tr\/wp-json\/wp\/v2\/media?parent=160872"}],"wp:term":[{"taxonomy":"category","embeddable":true,"href":"https:\/\/www.nationalturk.com\/tr\/wp-json\/wp\/v2\/categories?post=160872"},{"taxonomy":"post_tag","embeddable":true,"href":"https:\/\/www.nationalturk.com\/tr\/wp-json\/wp\/v2\/tags?post=160872"}],"curies":[{"name":"wp","href":"https:\/\/api.w.org\/{rel}","templated":true}]}}