{"id":161056,"date":"2014-03-10T13:21:09","date_gmt":"2014-03-10T11:21:09","guid":{"rendered":"http:\/\/www.nationalturk.com\/?p=161056"},"modified":"2014-03-10T13:21:09","modified_gmt":"2014-03-10T11:21:09","slug":"istanbulda-kar-yagisi-bekleniyor-161056","status":"publish","type":"post","link":"https:\/\/www.nationalturk.com\/tr\/istanbulda-kar-yagisi-bekleniyor-161056\/","title":{"rendered":"\u0130stanbul&#8217;da kar ya\u011f\u0131\u015f\u0131 bekleniyor"},"content":{"rendered":"<p><img loading=\"lazy\" decoding=\"async\" class=\"alignleft size-medium wp-image-161057\" alt=\"\u0130stanbul kar ya\u011f\u0131\u015f\u0131\" src=\"http:\/\/www.nationalturk.com\/tr\/wp-content\/uploads\/2014\/03\/istanbul__kar_29834-280x186.jpg\" width=\"280\" height=\"186\" title=\"\" srcset=\"https:\/\/www.nationalturk.com\/tr\/wp-content\/uploads\/2014\/03\/istanbul__kar_29834-280x186.jpg 280w, https:\/\/www.nationalturk.com\/tr\/wp-content\/uploads\/2014\/03\/istanbul__kar_29834-600x400.jpg 600w, https:\/\/www.nationalturk.com\/tr\/wp-content\/uploads\/2014\/03\/istanbul__kar_29834.jpg 712w\" sizes=\"auto, (max-width: 280px) 100vw, 280px\" \/><\/p>\n<h1>Yurdu etkisi alt\u0131na alan so\u011fuk ve ya\u011f\u0131\u015fl\u0131 hava hayat\u0131 olumsuz etkilemeye devam ederken Meteoroloji \u0130\u015fleri Genel M\u00fcd\u00fcrd\u00fc\u011f\u00fc, \u0130stanbul&#8217;da bu ak\u015fam saatlerinden itibaren karla kar\u0131\u015f\u0131k ya\u011fmur beklendi\u011fini a\u00e7\u0131klad\u0131.<\/h1>\n<p>Meteorolojiden yap\u0131lan a\u00e7\u0131klamada Marmara b\u00f6lgesinde devam eden ya\u011f\u0131\u015flar\u0131n etkisini daha da art\u0131raca\u011f\u0131 belirtilerek &#8220;Ya\u011f\u0131\u015flar\u0131n yar\u0131n<span style=\"line-height: 1.5em;\">\u00a0sabah saatlerine kadar \u0130stanbul il geneli ba\u015fta olmak \u00fczere Trakya ile Kocaeli, Sakarya ve Yalova \u00e7evrelerinde kuvvetli (20 \u2013 40 kg\/metrekare) olaca\u011f\u0131, ya\u011f\u0131\u015flar\u0131n ya\u011fmur ve sa\u011fanak Edirne, K\u0131rklareli, Tekirda\u011f\u2019\u0131n i\u00e7 kesimlerinde kar, ak\u015fam saatlerinden sonra \u0130stanbul, Kocaeli, Sakarya ve Yalova\u2019n\u0131n y\u00fcksek kesimlerinde karla kar\u0131\u015f\u0131k ya\u011fmur \u015feklinde olaca\u011f\u0131 tahmin edilmektedir&#8221; denildi. <\/span><\/p>\n<p><span style=\"line-height: 1.5em;\">A\u00e7\u0131klamada meydana gelebilecek olumsuzluklara kar\u015f\u0131 vatanda\u015flar dikkatli ve tedbirli olmalar\u0131 konusunda uyar\u0131ld\u0131.<\/span><\/p>\n<span style=\"font-weight: bold; color: #f00;\">Error, group does not exist! Check your syntax! (ID: 62)<\/span>\n","protected":false},"excerpt":{"rendered":"<p>Yurdu etkisi alt\u0131na alan so\u011fuk ve ya\u011f\u0131\u015fl\u0131 hava hayat\u0131 olumsuz etkilemeye devam ederken Meteoroloji \u0130\u015fleri Genel M\u00fcd\u00fcrd\u00fc\u011f\u00fc, \u0130stanbul&#8217;da bu ak\u015fam saatlerinden itibaren karla kar\u0131\u015f\u0131k ya\u011fmur beklendi\u011fini a\u00e7\u0131klad\u0131.<\/p>\n","protected":false},"author":4,"featured_media":175234,"comment_status":"open","ping_status":"open","sticky":false,"template":"","format":"standard","meta":{"_acf_changed":false,"footnotes":""},"categories":[6155,6805],"tags":[1011,14525,14414,14415],"class_list":["post-161056","post","type-post","status-publish","format-standard","has-post-thumbnail","hentry","category-gundem","category-turkiye","tag-istanbul","tag-istanbul-hava-durumu","tag-istanbul-kar","tag-istanbul-kar-yagisi"],"acf":[],"_links":{"self":[{"href":"https:\/\/www.nationalturk.com\/tr\/wp-json\/wp\/v2\/posts\/161056","targetHints":{"allow":["GET"]}}],"collection":[{"href":"https:\/\/www.nationalturk.com\/tr\/wp-json\/wp\/v2\/posts"}],"about":[{"href":"https:\/\/www.nationalturk.com\/tr\/wp-json\/wp\/v2\/types\/post"}],"author":[{"embeddable":true,"href":"https:\/\/www.nationalturk.com\/tr\/wp-json\/wp\/v2\/users\/4"}],"replies":[{"embeddable":true,"href":"https:\/\/www.nationalturk.com\/tr\/wp-json\/wp\/v2\/comments?post=161056"}],"version-history":[{"count":0,"href":"https:\/\/www.nationalturk.com\/tr\/wp-json\/wp\/v2\/posts\/161056\/revisions"}],"wp:featuredmedia":[{"embeddable":true,"href":"https:\/\/www.nationalturk.com\/tr\/wp-json\/wp\/v2\/media\/175234"}],"wp:attachment":[{"href":"https:\/\/www.nationalturk.com\/tr\/wp-json\/wp\/v2\/media?parent=161056"}],"wp:term":[{"taxonomy":"category","embeddable":true,"href":"https:\/\/www.nationalturk.com\/tr\/wp-json\/wp\/v2\/categories?post=161056"},{"taxonomy":"post_tag","embeddable":true,"href":"https:\/\/www.nationalturk.com\/tr\/wp-json\/wp\/v2\/tags?post=161056"}],"curies":[{"name":"wp","href":"https:\/\/api.w.org\/{rel}","templated":true}]}}