{"id":161063,"date":"2014-03-10T14:05:21","date_gmt":"2014-03-10T12:05:21","guid":{"rendered":"http:\/\/www.nationalturk.com\/?p=161063"},"modified":"2014-03-10T14:05:21","modified_gmt":"2014-03-10T12:05:21","slug":"rio-karnavali-benzersiz-342","status":"publish","type":"post","link":"https:\/\/www.nationalturk.com\/tr\/rio-karnavali-benzersiz-342\/","title":{"rendered":"Rio Karnaval\u0131 bu sene de benzersiz"},"content":{"rendered":"<h1><a href=\"http:\/\/www.nationalturk.com\/tr\/wp-content\/uploads\/2014\/03\/rioo-67855.jpg\"><img loading=\"lazy\" decoding=\"async\" class=\"alignnone size-full wp-image-161070\" alt=\"rioo-67855\" src=\"http:\/\/www.nationalturk.com\/tr\/wp-content\/uploads\/2014\/03\/rioo-67855.jpg\" width=\"610\" height=\"400\" title=\"\"><\/a><\/h1>\n<h1>\u015eubat ay\u0131n\u0131n son g\u00fcnlerinde ba\u015flayan Rio Karnaval\u0131 2014 y\u0131l\u0131nda da benzersiz g\u00f6r\u00fcnt\u00fclere ev sahipli\u011fi yapt\u0131<\/h1>\n<p>Venedik&#8217;te d\u00fczenlenen d\u00fcnyaca \u00fcnl\u00fc Venedik Karnaval\u0131&#8217;n\u0131n hemen ard\u0131ndan birbirinden renkli g\u00f6r\u00fcnt\u00fclere ev sahipli\u011fi yapan Rio Karnaval\u0131 ziyaret\u00e7ilerini b\u00fcy\u00fcledi. 2 milyonu a\u015fk\u0131n ki\u015finin Rio sokaklar\u0131nda dans etti\u011fi e\u011flence her y\u0131l b\u00fcy\u00fck bir heyecanla bekleniyor. Y\u0131l boyu Brezilya&#8217;da karnaval d\u00f6neminde dans etmesi i\u00e7in Samba okullar\u0131nda \u00f6\u011frenci yeti\u015ftiriliyor. \u0130hti\u015faml\u0131 kost\u00fcmler, ilgi \u00e7ekici koreografiler, Brezilyal\u0131 dans\u00e7\u0131 kad\u0131nlar, ritmler, \u015fark\u0131lar her sene yar\u0131\u015f\u0131yor. Her sene Brezilya&#8217;daki turist say\u0131s\u0131na b\u00fcy\u00fck oranda katk\u0131 sa\u011flayan karnaval, 2014 y\u0131l\u0131nda da birbirinden g\u00fczel g\u00f6r\u00fcnt\u00fcler ortaya \u00e7\u0131kard\u0131.<\/p>\n<!-- Error, Advert is not available at this time due to schedule\/geolocation restrictions! -->\n","protected":false},"excerpt":{"rendered":"<p>\u015eubat ay\u0131n\u0131n son g\u00fcnlerinde ba\u015flayan Rio Karnaval\u0131 2014 y\u0131l\u0131nda da benzersiz g\u00f6r\u00fcnt\u00fclere ev sahipli\u011fi yapt\u0131<\/p>\n","protected":false},"author":816,"featured_media":161070,"comment_status":"open","ping_status":"open","sticky":false,"template":"","format":"standard","meta":{"_acf_changed":false,"footnotes":""},"categories":[6664,6771,6671],"tags":[1178,20655,103497,153917,605,153819,3590,61564],"class_list":["post-161063","post","type-post","status-publish","format-standard","has-post-thumbnail","hentry","category-eglence","category-latin-amerika","category-seyahat","tag-brezilya","tag-brezilyali","tag-rio","tag-rio-2014","tag-rio-karnavali","tag-rio-karnavali-2014","tag-venedik","tag-venedik-karnavali"],"acf":[],"_links":{"self":[{"href":"https:\/\/www.nationalturk.com\/tr\/wp-json\/wp\/v2\/posts\/161063","targetHints":{"allow":["GET"]}}],"collection":[{"href":"https:\/\/www.nationalturk.com\/tr\/wp-json\/wp\/v2\/posts"}],"about":[{"href":"https:\/\/www.nationalturk.com\/tr\/wp-json\/wp\/v2\/types\/post"}],"author":[{"embeddable":true,"href":"https:\/\/www.nationalturk.com\/tr\/wp-json\/wp\/v2\/users\/816"}],"replies":[{"embeddable":true,"href":"https:\/\/www.nationalturk.com\/tr\/wp-json\/wp\/v2\/comments?post=161063"}],"version-history":[{"count":0,"href":"https:\/\/www.nationalturk.com\/tr\/wp-json\/wp\/v2\/posts\/161063\/revisions"}],"wp:featuredmedia":[{"embeddable":true,"href":"https:\/\/www.nationalturk.com\/tr\/wp-json\/wp\/v2\/media\/161070"}],"wp:attachment":[{"href":"https:\/\/www.nationalturk.com\/tr\/wp-json\/wp\/v2\/media?parent=161063"}],"wp:term":[{"taxonomy":"category","embeddable":true,"href":"https:\/\/www.nationalturk.com\/tr\/wp-json\/wp\/v2\/categories?post=161063"},{"taxonomy":"post_tag","embeddable":true,"href":"https:\/\/www.nationalturk.com\/tr\/wp-json\/wp\/v2\/tags?post=161063"}],"curies":[{"name":"wp","href":"https:\/\/api.w.org\/{rel}","templated":true}]}}