{"id":161098,"date":"2014-03-10T16:12:01","date_gmt":"2014-03-10T14:12:01","guid":{"rendered":"http:\/\/www.nationalturk.com\/?p=161098"},"modified":"2014-03-10T16:12:01","modified_gmt":"2014-03-10T14:12:01","slug":"el-clasico-2014-oncesi-barcelona-agir-darbe-161098","status":"publish","type":"post","link":"https:\/\/www.nationalturk.com\/tr\/el-clasico-2014-oncesi-barcelona-agir-darbe-161098\/","title":{"rendered":"El Clasico 2014 \u00f6ncesi Barcelona&#8217;ya a\u011f\u0131r darbe"},"content":{"rendered":"<p><img loading=\"lazy\" decoding=\"async\" class=\"alignnone size-full wp-image-161099\" alt=\"El Clasico 2014 ma\u00e7 turu\" src=\"http:\/\/www.nationalturk.com\/tr\/wp-content\/uploads\/2014\/03\/el_clasico_2014_mac_turu.jpg\" width=\"610\" height=\"378\" title=\"\" srcset=\"https:\/\/www.nationalturk.com\/tr\/wp-content\/uploads\/2014\/03\/el_clasico_2014_mac_turu.jpg 610w, https:\/\/www.nationalturk.com\/tr\/wp-content\/uploads\/2014\/03\/el_clasico_2014_mac_turu-280x173.jpg 280w\" sizes=\"auto, (max-width: 610px) 100vw, 610px\" \/><\/p>\n<h1>\u0130spanya La Liga&#8217;da Real Madrid, Barcelona ve Atletico Madrid aras\u0131ndaki yar\u0131\u015f devam ederken El Clasico 2014 i\u00e7in geri say\u0131m ba\u015flad\u0131. El Clasico 2014 \u00f6ncesinde Barcelona ummad\u0131\u011f\u0131 bir darbe ald\u0131. \/ El Clasico 2014 \u00f6ncesi haberler&#8230;.<\/h1>\n<p>La Liga 27 . haftas\u0131nda Barcelona \u015fampiyonluk yar\u0131\u015f\u0131nda a\u011f\u0131r yara ald\u0131. 17. s\u0131rada k\u00fcmede kalma sava\u015f\u0131 veren Valladolid&#8217;e konuk olan Barcelona 17. dakikada Rossi&#8217;nin att\u0131\u011f\u0131 gole engel olamad\u0131 ve ma\u00e7\u0131 1-0 kaybetti. Barcelona Valladolid ma\u011flubiyetiyle ligde 63. puanda kald\u0131 ve Atletico Madrid&#8217;in de gerisine d\u00fc\u015ferek 3. s\u0131raya oturdu.<\/p>\n<p>El Clasico 2014 \u00f6ncesi Real Madrid ise haftay\u0131 galibiyetle kapatt\u0131. Santiago Bernabeu&#8217;da Levante&#8217;yi konuk eden Real Madrid rakibini Cristiano Ronaldo, Marcelo ve Karabelas&#8217;\u0131n (kendi kalesine) att\u0131\u011f\u0131 gollere 3-0 ma\u011flup etti ve puan\u0131n\u0131 67&#8217;ye \u00e7\u0131kararak liderli\u011fini s\u00fcrd\u00fcrd\u00fc.<\/p>\n<h2><a href=\"http:\/\/www.wts.com.tr\/real-madrid-barcelona-el-clasico.htm\" target=\"_blank\" rel=\"noopener\">El Clasico 2014 ma\u00e7 turu i\u00e7in t\u0131klay\u0131n<\/a><\/h2>\n<p>Real Madrid ve Barcelona ile birlikte amans\u0131z bir \u015fampiyonluk yar\u0131\u015f\u0131na giren Atletico Madrid de haftay\u0131 kay\u0131ps\u0131z ge\u00e7ti. Celta Vigo&#8217;ya konuk olan Atletico Madrid rakibini David Villa&#8217;n\u0131n golleriyle 2-0 yenerek puan\u0131n\u0131 64&#8217;e y\u00fckseltti.<\/p>\n<p>\u0130spanya La Liga&#8217;da Real Madrid 67 puanla liderli\u011fini s\u00fcrd\u00fcr\u00fcrken Atletico Madrid 64 puanla ikinci, Barcelona ise 63. puanla \u00fc\u00e7\u00fcnc\u00fc s\u0131rada bulunuyor.\u00a0El Clasico 2014, Real Madrid ile Barcelona aras\u0131nda 23 Mart&#8217;ta Real Madrid&#8217;in sahas\u0131nda oynanacak.<\/p>\n<h3>El Clasico 2014 \u00f6ncesi transfer sava\u015f\u0131<\/h3>\n<p>El Clasico 2014 b\u00fcy\u00fck bir heyecanla beklenirken Real Madrid ve Barcelona gelecek sezon i\u00e7in transfer yar\u0131\u015f\u0131na \u015fimdiden ba\u015flad\u0131. Marca gazetesinin haberine g\u00f6re\u00a0Real Madrid Juventus&#8217;un gen\u00e7 y\u0131ld\u0131z\u0131 Paul Pogba&#8217;y\u0131 transfer etmek istiyor ve Paris Saint Germain de Frans\u0131z futbolcu i\u00e7in devrede.\u00a0El Mundo Deportivo gazetesi de Barcelona&#8217;n\u0131n transfer listesinde Juventus&#8217;tan Vidal&#8217;\u0131n oldu\u011funu yazd\u0131. Victor Valdes&#8217;ten bo\u015falacak kaleye Borussia M&#8217;Gladbach&#8217;dan 21 ya\u015f\u0131ndaki Alman kaleci Ter Stegen&#8217;in getirilmesi konusunda anla\u015fman\u0131n bulundu\u011fu \u00f6ne s\u00fcren Katalan spor gazetesi, orta sahada Juventus&#8217;tan Vidal, Borussia Dortmund&#8217;dan \u0130lkay G\u00fcndo\u011fan ve Villarreal&#8217;den Bruno&#8217;nun d\u00fc\u015f\u00fcn\u00fclen g\u00fc\u00e7l\u00fc adaylar oldu\u011funu belirtti.<\/p>\n<div class=\"a-single a-157\"><!-- nationalturk.com Bali 610x90 -->\r\n<ins data-revive-zoneid=\"412\" data-revive-ct0=\"{clickurl_enc}\" data-revive-id=\"2093837923c3e243d9d78d731533cba1\"><\/ins>\r\n<script async src=\"\/\/www.hot-affiliates.com\/ad\/www\/delivery\/asyncjs.php\"><\/script><\/div>\n","protected":false},"excerpt":{"rendered":"<p>\u0130spanya La Liga&#8217;da Real Madrid, Barcelona ve Atletico Madrid aras\u0131ndaki yar\u0131\u015f devam ederken El Clasico 2014 i\u00e7in geri say\u0131m ba\u015flad\u0131. El Clasico 2014 \u00f6ncesinde Barcelona ummad\u0131\u011f\u0131 bir darbe ald\u0131. \/ El Clasico 2014 \u00f6ncesi haberler&#8230;.<\/p>\n","protected":false},"author":4,"featured_media":161099,"comment_status":"open","ping_status":"open","sticky":false,"template":"","format":"standard","meta":{"_acf_changed":false,"footnotes":""},"categories":[6774,6194],"tags":[1038,10425,20615,111363,21033,2615,10430,156483,10427,57560],"class_list":["post-161098","post","type-post","status-publish","format-standard","has-post-thumbnail","hentry","category-futbol","category-spor","tag-barcelona","tag-barcelona-real-madrid","tag-el-clasico","tag-el-clasico-mac-turu","tag-la-liga","tag-real-madrid","tag-real-madrid-barcelona","tag-real-madrid-barcelona-2014","tag-real-madrid-barcelona-maci","tag-real-madrid-levante"],"acf":[],"_links":{"self":[{"href":"https:\/\/www.nationalturk.com\/tr\/wp-json\/wp\/v2\/posts\/161098","targetHints":{"allow":["GET"]}}],"collection":[{"href":"https:\/\/www.nationalturk.com\/tr\/wp-json\/wp\/v2\/posts"}],"about":[{"href":"https:\/\/www.nationalturk.com\/tr\/wp-json\/wp\/v2\/types\/post"}],"author":[{"embeddable":true,"href":"https:\/\/www.nationalturk.com\/tr\/wp-json\/wp\/v2\/users\/4"}],"replies":[{"embeddable":true,"href":"https:\/\/www.nationalturk.com\/tr\/wp-json\/wp\/v2\/comments?post=161098"}],"version-history":[{"count":0,"href":"https:\/\/www.nationalturk.com\/tr\/wp-json\/wp\/v2\/posts\/161098\/revisions"}],"wp:featuredmedia":[{"embeddable":true,"href":"https:\/\/www.nationalturk.com\/tr\/wp-json\/wp\/v2\/media\/161099"}],"wp:attachment":[{"href":"https:\/\/www.nationalturk.com\/tr\/wp-json\/wp\/v2\/media?parent=161098"}],"wp:term":[{"taxonomy":"category","embeddable":true,"href":"https:\/\/www.nationalturk.com\/tr\/wp-json\/wp\/v2\/categories?post=161098"},{"taxonomy":"post_tag","embeddable":true,"href":"https:\/\/www.nationalturk.com\/tr\/wp-json\/wp\/v2\/tags?post=161098"}],"curies":[{"name":"wp","href":"https:\/\/api.w.org\/{rel}","templated":true}]}}