{"id":161131,"date":"2014-03-11T08:06:53","date_gmt":"2014-03-11T06:06:53","guid":{"rendered":"http:\/\/www.nationalturk.com\/?p=161131"},"modified":"2014-03-11T08:08:37","modified_gmt":"2014-03-11T06:08:37","slug":"dogu-perincek-hepsinin-kokunu-kaziyacagiz-161131","status":"publish","type":"post","link":"https:\/\/www.nationalturk.com\/tr\/dogu-perincek-hepsinin-kokunu-kaziyacagiz-161131\/","title":{"rendered":"Do\u011fu Perin\u00e7ek: Hepsinin k\u00f6k\u00fcn\u00fc kaz\u0131yaca\u011f\u0131z"},"content":{"rendered":"<h1><a href=\"http:\/\/www.nationalturk.com\/tr\/wp-content\/uploads\/2014\/03\/dogu-perincek-tahliye-aciklama.jpg\"><img loading=\"lazy\" decoding=\"async\" class=\"aligncenter size-large wp-image-161132\" alt=\"dogu-perincek-tahliye-aciklama\" src=\"http:\/\/www.nationalturk.com\/tr\/wp-content\/uploads\/2014\/03\/dogu-perincek-tahliye-aciklama-610x344.jpg\" width=\"610\" height=\"344\" title=\"\" srcset=\"https:\/\/www.nationalturk.com\/tr\/wp-content\/uploads\/2014\/03\/dogu-perincek-tahliye-aciklama-610x344.jpg 610w, https:\/\/www.nationalturk.com\/tr\/wp-content\/uploads\/2014\/03\/dogu-perincek-tahliye-aciklama-280x158.jpg 280w, https:\/\/www.nationalturk.com\/tr\/wp-content\/uploads\/2014\/03\/dogu-perincek-tahliye-aciklama.jpg 620w\" sizes=\"auto, (max-width: 610px) 100vw, 610px\" \/><\/a>Ergenekon davas\u0131n\u0131n tutuklu san\u0131klar\u0131ndan \u0130\u015f\u00e7i Partisi Genel Ba\u015fkan\u0131 Do\u011fu Perin\u00e7ek, \u0130stanbul 3. A\u011f\u0131r Ceza Mahkemesi&#8217;nin tahliye karar\u0131n\u0131n ard\u0131ndan cezaevinden \u00e7\u0131kt\u0131. Perin\u00e7ek&#8217;in ilk s\u00f6zleri &#8220;T\u00fcrkiye&#8217;yi b\u00f6ld\u00fcrmeyece\u011fiz, birle\u015ftirece\u011fiz. Cumhuriyeti y\u0131kt\u0131rmayaca\u011f\u0131z&#8221; oldu.<\/h1>\n<p>Perin\u00e7ek, Silivri Ceza ve \u0130nfaz Kurumlar\u0131 Yerle\u015fkesi&#8217;nden \u00e7\u0131k\u0131\u015f\u0131nda, \u00e7ocuklar\u0131, \u0130\u015f\u00e7i Partisi yetkilileri ve parti \u00fcyeleri taraf\u0131ndan kar\u015f\u0131land\u0131.<\/p>\n<p>Do\u011fu Perin\u00e7ek, burada gazetecilere yapt\u0131\u011f\u0131 a\u00e7\u0131klamada, T\u00fcrkiye&#8217;yi b\u00f6lmek ve Cumhuriyeti y\u0131kmak i\u00e7in kendilerinin Ergenekon&#8217;a hapsedildi\u011fini savunarak, \u015fu an Ergenekon&#8217;dan \u00e7\u0131kt\u0131klar\u0131n\u0131 ve T\u00fcrkiye&#8217;yi birle\u015ftireceklerini s\u00f6yledi.<\/p>\n<p>&#8220;T\u00fcrkiye&#8217;yi \u015feyhler, m\u00fcridler, dervi\u015fler, meczuplar, cemaatler \u00fclkesi haline getirmek i\u00e7in Ergenekon&#8217;a hapsedildik. Cemaatlerin, tarikatlar\u0131n k\u00f6k\u00fcn\u00fc kaz\u0131yaca\u011f\u0131z. Cumhuriyeti aya\u011fa kald\u0131raca\u011f\u0131z&#8221; diyen Perin\u00e7ek, Ergenekon&#8217;dan \u00e7\u0131kt\u0131klar\u0131 yerde k\u0131n\u0131ndan \u00e7\u0131km\u0131\u015f k\u0131l\u0131\u00e7 gibi olduklar\u0131n\u0131 belirtti.<\/p>\n<p>G\u00f6revlere haz\u0131r olduklar\u0131n\u0131 anlatan Perin\u00e7ek, \u015f\u00f6yle devam etti:<\/p>\n<p>&#8220;T\u00fcrkiye&#8217;yi b\u00f6ld\u00fcrmeyece\u011fiz, birle\u015ftirece\u011fiz. Cumhuriyeti y\u0131kt\u0131rmayaca\u011f\u0131z. Ergenekon, bizlerin \u015fah\u0131slar\u0131n\u0131 hedef alan bir tertip de\u011fil, hedef T\u00fcrk milletiydi, cumhuriyetti, Atat\u00fcrk devrimiydi, toplumumuzun \u00e7a\u011fda\u015f ya\u015fama \u00f6zlemleriydi. Ve bu hedefe ula\u015fmak i\u00e7in 2 kurumu hedef ald\u0131lar; TSK ve \u0130\u015f\u00e7i Partisi. Gazi olduk, bize bir \u015fey olmad\u0131. Ergenekon&#8217;dan gazi olarak \u00e7\u0131kt\u0131k ama bizleri hedef alanlar\u0131 g\u00f6r\u00fcyorsunuz, \u00e7\u00fcr\u00fcd\u00fcler. Buradan ilan ediyorum T\u00fcrkiye&#8217;yi b\u00f6lenlerin hedefini, iktidar\u0131n\u0131 y\u0131kaca\u011f\u0131z.&#8221;<\/p>\n<p>Perin\u00e7ek, T\u00fcrkiye&#8217;yi birle\u015ftirenlerin iktidar\u0131n\u0131 kuracaklar\u0131n\u0131 ifade ederek, &#8220;Cumhuriyeti y\u0131kanlar\u0131n, Tayyip Erdo\u011fanlar\u0131n, Abdullah G\u00fcllerin, Fethullah G\u00fclenlerin iktidar\u0131n\u0131, hepsini birden y\u0131kaca\u011f\u0131z. T\u00fcrkiyemiz ayd\u0131nl\u0131klara, feraha ilerleyecektir&#8221; diye konu\u015ftu.<\/p>\n<p>&#8220;Hepsinin k\u00f6k\u00fcn\u00fc kaz\u0131yaca\u011f\u0131z&#8221;<\/p>\n<p>Perin\u00e7ek, ko\u015fullar\u0131n \u00e7ok g\u00fczel oldu\u011funu, Suriye&#8217;nin, Irak&#8217;\u0131n b\u00f6l\u00fcnemedi\u011fini, Ukrayna&#8217;da amaca ula\u015f\u0131lamad\u0131\u011f\u0131n\u0131 s\u00f6yleyerek, \u015funlar\u0131 kaydetti:<\/p>\n<p>&#8220;Berbat olacaklar. \u00d6zerklikmi\u015f&#8230; T\u00fcrk vatan\u0131n\u0131 b\u00f6lmekmi\u015f&#8230; Bu ama\u00e7lar\u0131na ula\u015famayacaklar. Ko\u015fullar \u00e7ok elveri\u015flidir. Atat\u00fcrk devrimini kesin sonu\u00e7lar\u0131na ula\u015ft\u0131raca\u011f\u0131z. Ba\u011f\u0131ms\u0131z, birle\u015fik, \u00e7a\u011fda\u015f, halk\u00e7\u0131, devrimci T\u00fcrkiye&#8217;yi kuraca\u011f\u0131z. B\u00fct\u00fcn milletimizi kucakl\u0131yoruz. Sayg\u0131lar\u0131m\u0131z\u0131, sevgilerimizi sunuyoruz. Bu, Ergenekonlar, Balyozlar bizlerin \u015fah\u0131slar\u0131n\u0131 de\u011fil, bu milleti hedef ald\u0131. Bizlerin i\u00e7eri at\u0131lmas\u0131yla olu\u015fan manzaray\u0131 g\u00f6r\u00fcyorsunuz; b\u00f6l\u00fcnm\u00fc\u015f T\u00fcrkiye manzaras\u0131, dervi\u015fler, cemaatler, m\u00fcritler manzaras\u0131. Bunlar\u0131n hepsinin k\u00f6k\u00fcn\u00fc kaz\u0131yaca\u011f\u0131z.&#8221;<\/p>\n<h2>Partililerle bulu\u015ftu<\/h2>\n<p>A\u00e7\u0131klaman\u0131n ard\u0131ndan Perin\u00e7ek, konvoy e\u015fli\u011finde cezaevi yerle\u015fkesinin kar\u015f\u0131s\u0131ndaki \u00e7ad\u0131ra gitti. \u00c7ad\u0131r\u0131n \u00f6n\u00fcnde Perin\u00e7ek&#8217;in arac\u0131n\u0131n \u00e7evresini saran partililer, el ele tutu\u015farak, halka olu\u015fturdu. Burada kendisini bekleyenlerle bulu\u015fan Perin\u00e7ek, \u00e7ad\u0131ra girerek partililerle bir s\u00fcre sohbet etti.<\/p>\n<!-- Error, Advert is not available at this time due to schedule\/geolocation restrictions! -->\n","protected":false},"excerpt":{"rendered":"<p>Ergenekon davas\u0131n\u0131n tutuklu san\u0131klar\u0131ndan \u0130\u015f\u00e7i Partisi Genel Ba\u015fkan\u0131 Do\u011fu Perin\u00e7ek, \u0130stanbul 3. A\u011f\u0131r Ceza Mahkemesi&#8217;nin tahliye karar\u0131n\u0131n ard\u0131ndan cezaevinden \u00e7\u0131kt\u0131. Perin\u00e7ek&#8217;in ilk s\u00f6zleri &#8220;T\u00fcrkiye&#8217;yi b\u00f6ld\u00fcrmeyece\u011fiz, birle\u015ftirece\u011fiz. Cumhuriyeti y\u0131kt\u0131rmayaca\u011f\u0131z&#8221; oldu.<\/p>\n","protected":false},"author":3,"featured_media":175222,"comment_status":"open","ping_status":"open","sticky":false,"template":"","format":"standard","meta":{"_acf_changed":false,"footnotes":""},"categories":[6155,5005,6202,6805],"tags":[4725,41386,156520,156518,156515,8071,9546,14834,29123,156519,18883,12953],"class_list":["post-161131","post","type-post","status-publish","format-standard","has-post-thumbnail","hentry","category-gundem","category-manset","category-politika","category-turkiye","tag-agir-ceza-mahkemesi","tag-dogu-perincek","tag-dogu-perincek-aciklama","tag-dogu-perincek-ergenekon","tag-dogu-perincek-tahliye","tag-ergenekon","tag-ergenekon-davasi","tag-ergenekon-tahliye","tag-isci-partisi","tag-isci-partisi-genel-baskani","tag-isci-partisi-genel-baskani-dogu-perincek","tag-silivri"],"acf":[],"_links":{"self":[{"href":"https:\/\/www.nationalturk.com\/tr\/wp-json\/wp\/v2\/posts\/161131","targetHints":{"allow":["GET"]}}],"collection":[{"href":"https:\/\/www.nationalturk.com\/tr\/wp-json\/wp\/v2\/posts"}],"about":[{"href":"https:\/\/www.nationalturk.com\/tr\/wp-json\/wp\/v2\/types\/post"}],"author":[{"embeddable":true,"href":"https:\/\/www.nationalturk.com\/tr\/wp-json\/wp\/v2\/users\/3"}],"replies":[{"embeddable":true,"href":"https:\/\/www.nationalturk.com\/tr\/wp-json\/wp\/v2\/comments?post=161131"}],"version-history":[{"count":0,"href":"https:\/\/www.nationalturk.com\/tr\/wp-json\/wp\/v2\/posts\/161131\/revisions"}],"wp:featuredmedia":[{"embeddable":true,"href":"https:\/\/www.nationalturk.com\/tr\/wp-json\/wp\/v2\/media\/175222"}],"wp:attachment":[{"href":"https:\/\/www.nationalturk.com\/tr\/wp-json\/wp\/v2\/media?parent=161131"}],"wp:term":[{"taxonomy":"category","embeddable":true,"href":"https:\/\/www.nationalturk.com\/tr\/wp-json\/wp\/v2\/categories?post=161131"},{"taxonomy":"post_tag","embeddable":true,"href":"https:\/\/www.nationalturk.com\/tr\/wp-json\/wp\/v2\/tags?post=161131"}],"curies":[{"name":"wp","href":"https:\/\/api.w.org\/{rel}","templated":true}]}}