{"id":161136,"date":"2014-03-11T08:31:29","date_gmt":"2014-03-11T06:31:29","guid":{"rendered":"http:\/\/www.nationalturk.com\/?p=161136"},"modified":"2014-03-11T08:34:03","modified_gmt":"2014-03-11T06:34:03","slug":"aci-haber-geldi-berkin-i-kaybettik-161136","status":"publish","type":"post","link":"https:\/\/www.nationalturk.com\/tr\/aci-haber-geldi-berkin-i-kaybettik-161136\/","title":{"rendered":"Ac\u0131 haber geldi! Berkin&#8217;i kaybettik"},"content":{"rendered":"<h1><a href=\"http:\/\/www.nationalturk.com\/tr\/wp-content\/uploads\/2014\/03\/berkin-elvan-hayatini-kaybetti.jpg\"><img loading=\"lazy\" decoding=\"async\" class=\"aligncenter size-large wp-image-161137\" alt=\"berkin-elvan-hayatini-kaybetti\" src=\"http:\/\/www.nationalturk.com\/tr\/wp-content\/uploads\/2014\/03\/berkin-elvan-hayatini-kaybetti-610x344.jpg\" width=\"610\" height=\"344\" title=\"\" srcset=\"https:\/\/www.nationalturk.com\/tr\/wp-content\/uploads\/2014\/03\/berkin-elvan-hayatini-kaybetti-610x344.jpg 610w, https:\/\/www.nationalturk.com\/tr\/wp-content\/uploads\/2014\/03\/berkin-elvan-hayatini-kaybetti-280x158.jpg 280w, https:\/\/www.nationalturk.com\/tr\/wp-content\/uploads\/2014\/03\/berkin-elvan-hayatini-kaybetti.jpg 620w\" sizes=\"auto, (max-width: 610px) 100vw, 610px\" \/><\/a>Gezi direni\u015fi s\u0131ras\u0131nda, evinden bakkala ekmek almaya \u00e7\u0131kan ve polis taraf\u0131ndan kafas\u0131ndan gaz fi\u015fe\u011fiyle vurularak komaya giren Berkin Elvan, 269 g\u00fcnd\u00fcr s\u00fcrd\u00fcrd\u00fc\u011f\u00fc ya\u015fam m\u00fccadelesini kaybetti.<\/h1>\n<p>Gezi Park\u0131 odakl\u0131 olaylar s\u0131ras\u0131nda yaralanan ve 269 g\u00fcnd\u00fcr komada uyutulan 15 ya\u015f\u0131ndaki Berkin Elvan, bu sabah 07:00&#8217;da\u00a0ya\u015fam\u0131n\u0131 yitirdi.<\/p>\n<p>Ailenin avukat\u0131 Evrim Deniz Karatana yapt\u0131\u011f\u0131 a\u00e7\u0131klamada, Okmeydan\u0131 E\u011fitim ve Ara\u015ft\u0131rma Hastanesinde 269 g\u00fcnd\u00fcr tedavi alt\u0131nda bulunan ve son g\u00fcnlerde durumu a\u011f\u0131rla\u015fan Elvan&#8217;\u0131n hayat\u0131n\u0131 kaybetti\u011fini bildirdi.<\/p>\n<p>Elvan&#8217;\u0131n \u00f6l\u00fcm haberini alan yak\u0131nlar\u0131 ve arkada\u015flar\u0131 hastane \u00f6n\u00fcne geldi.<\/p>\n<!-- Error, Advert is not available at this time due to schedule\/geolocation restrictions! -->\n","protected":false},"excerpt":{"rendered":"<p>Gezi direni\u015fi s\u0131ras\u0131nda, evinden bakkala ekmek almaya \u00e7\u0131kan ve polis taraf\u0131ndan kafas\u0131ndan gaz fi\u015fe\u011fiyle vurularak komaya giren Berkin Elvan, 269 g\u00fcnd\u00fcr s\u00fcrd\u00fcrd\u00fc\u011f\u00fc ya\u015fam m\u00fccadelesini kaybetti.<\/p>\n","protected":false},"author":3,"featured_media":175221,"comment_status":"open","ping_status":"open","sticky":false,"template":"","format":"standard","meta":{"_acf_changed":false,"footnotes":""},"categories":[6155,5005,349,6805],"tags":[139541,156524,139544,156460,156522,156525,129044,140571,131226,146282],"class_list":["post-161136","post","type-post","status-publish","format-standard","has-post-thumbnail","hentry","category-gundem","category-manset","category-son-dakika","category-turkiye","tag-berkin-elvan","tag-berkin-elvan-gezi","tag-berkin-elvan-kimdir","tag-berkin-elvan-koma","tag-berkin-elvan-oldu","tag-berkin-elvan-olumu","tag-evrim-deniz-karatana","tag-gezi-direnisi","tag-gezi-parki-olaylari","tag-son-dakika-berkin-elvan"],"acf":[],"_links":{"self":[{"href":"https:\/\/www.nationalturk.com\/tr\/wp-json\/wp\/v2\/posts\/161136","targetHints":{"allow":["GET"]}}],"collection":[{"href":"https:\/\/www.nationalturk.com\/tr\/wp-json\/wp\/v2\/posts"}],"about":[{"href":"https:\/\/www.nationalturk.com\/tr\/wp-json\/wp\/v2\/types\/post"}],"author":[{"embeddable":true,"href":"https:\/\/www.nationalturk.com\/tr\/wp-json\/wp\/v2\/users\/3"}],"replies":[{"embeddable":true,"href":"https:\/\/www.nationalturk.com\/tr\/wp-json\/wp\/v2\/comments?post=161136"}],"version-history":[{"count":0,"href":"https:\/\/www.nationalturk.com\/tr\/wp-json\/wp\/v2\/posts\/161136\/revisions"}],"wp:featuredmedia":[{"embeddable":true,"href":"https:\/\/www.nationalturk.com\/tr\/wp-json\/wp\/v2\/media\/175221"}],"wp:attachment":[{"href":"https:\/\/www.nationalturk.com\/tr\/wp-json\/wp\/v2\/media?parent=161136"}],"wp:term":[{"taxonomy":"category","embeddable":true,"href":"https:\/\/www.nationalturk.com\/tr\/wp-json\/wp\/v2\/categories?post=161136"},{"taxonomy":"post_tag","embeddable":true,"href":"https:\/\/www.nationalturk.com\/tr\/wp-json\/wp\/v2\/tags?post=161136"}],"curies":[{"name":"wp","href":"https:\/\/api.w.org\/{rel}","templated":true}]}}