{"id":161323,"date":"2014-03-13T09:02:20","date_gmt":"2014-03-13T07:02:20","guid":{"rendered":"http:\/\/www.nationalturk.com\/?p=161323"},"modified":"2014-03-13T09:02:20","modified_gmt":"2014-03-13T07:02:20","slug":"gul-dershaneler-yasasina-onay-161323","status":"publish","type":"post","link":"https:\/\/www.nationalturk.com\/tr\/gul-dershaneler-yasasina-onay-161323\/","title":{"rendered":"G\u00fcl&#8217;den dershaneler yasas\u0131na onay!"},"content":{"rendered":"<h1><a href=\"http:\/\/www.nationalturk.com\/tr\/wp-content\/uploads\/2014\/03\/abdullah-gul-dershane-kanunu.jpg\"><img loading=\"lazy\" decoding=\"async\" class=\"alignleft size-medium wp-image-161324\" alt=\"abdullah-gul-dershane-kanunu\" src=\"http:\/\/www.nationalturk.com\/tr\/wp-content\/uploads\/2014\/03\/abdullah-gul-dershane-kanunu-280x189.jpg\" width=\"280\" height=\"189\" title=\"\" srcset=\"https:\/\/www.nationalturk.com\/tr\/wp-content\/uploads\/2014\/03\/abdullah-gul-dershane-kanunu-280x189.jpg 280w, https:\/\/www.nationalturk.com\/tr\/wp-content\/uploads\/2014\/03\/abdullah-gul-dershane-kanunu-589x400.jpg 589w, https:\/\/www.nationalturk.com\/tr\/wp-content\/uploads\/2014\/03\/abdullah-gul-dershane-kanunu.jpg 625w\" sizes=\"auto, (max-width: 280px) 100vw, 280px\" \/><\/a>Cumhurba\u015fkan\u0131 Abdullah G\u00fcl, dershanelerle ilgili d\u00fczenlemeleri de i\u00e7eren \u201cMilli E\u011fitim Temel Kanunu ile Baz\u0131 Kanun ve Kanun H\u00fckm\u00fcnde Kararnamelerde De\u011fi\u015fiklik Yap\u0131lmas\u0131na Dair Kanun\u201du onaylad\u0131.<\/h1>\n<p>Cumhurba\u015fkanl\u0131\u011f\u0131 Bas\u0131n Merkezinden yap\u0131lan a\u00e7\u0131klamaya g\u00f6re G\u00fcl, 6528 say\u0131l\u0131 &#8220;Milli E\u011fitim Temel Kanunu ile Baz\u0131 Kanun ve Kanun H\u00fckm\u00fcnde Kararnamelerde De\u011fi\u015fiklik Yap\u0131lmas\u0131na Dair Kanun&#8221; ile 6529 say\u0131l\u0131 &#8220;Temel Hak ve H\u00fcrriyetlerin Geli\u015ftirilmesi Amac\u0131yla \u00c7e\u015fitli Kanunlarda De\u011fi\u015fiklik Yap\u0131lmas\u0131na Dair Kanun&#8221;u yay\u0131mlanmak \u00fczere Ba\u015fbakanl\u0131\u011fa g\u00f6nderdi.<\/p>\n<p>G\u00fcl&#8217;\u00fcn onaylad\u0131\u011f\u0131 &#8220;Temel Hak ve H\u00fcrriyetlerin Geli\u015ftirilmesi Amac\u0131yla \u00c7e\u015fitli Kanunlarda De\u011fi\u015fiklik Yap\u0131lmas\u0131na Dair Kanun&#8221;a g\u00f6re, se\u00e7imlerde T\u00fcrk\u00e7e&#8217;nin yan\u0131 s\u0131ra farkl\u0131 dil ve leh\u00e7elerle de propaganda yap\u0131labilecek.<\/p>\n<p>Siyasi partilerin, bir il\u00e7ede te\u015fkilatlanmalar\u0131 i\u00e7in beldelerde te\u015fkilat kurma zorunlulu\u011fu kalkacak.\u00a0Siyasi partilere devlet yard\u0131m\u0131 yap\u0131labilmesi i\u00e7in milletvekili se\u00e7imlerinde y\u00fczde 7 yerine y\u00fczde 3 oy almas\u0131 yeterli olacak.<\/p>\n<p>Toplant\u0131 ve g\u00f6steri y\u00fcr\u00fcy\u00fc\u015f\u00fc hakk\u0131n\u0131n kullan\u0131laca\u011f\u0131 yer ve g\u00fczergah\u0131n belirlenmesinde, belediye ba\u015fkanlar\u0131, siyasi partiler, meslek \u00f6rg\u00fctleri ve sendikalar\u0131n g\u00f6r\u00fc\u015f\u00fc al\u0131nacak.<\/p>\n<p>T\u00fcrk vatanda\u015flar\u0131n\u0131n g\u00fcnl\u00fck ya\u015famlar\u0131nda geleneksel olarak kulland\u0131klar\u0131 farkl\u0131 dil ve leh\u00e7elerle \u00f6zel okullarda e\u011fitim ve \u00f6\u011fretim yap\u0131labilecek.E\u011fitim ve \u00f6\u011fretim hakk\u0131n\u0131n kullan\u0131lmas\u0131n\u0131n engellenmesi, yapt\u0131r\u0131m alt\u0131na al\u0131nacak ve bu su\u00e7 i\u00e7in belirlenen ceza art\u0131r\u0131lacak.\u00a0Ki\u015filerin toplu ibadetlerinin yan\u0131 s\u0131ra bireysel ibadetlerinin engellenmesi de su\u00e7 olacak.<\/p>\n<h2>Dershanelerle ilgili d\u00fczenleme<\/h2>\n<p>G\u00fcl&#8217;\u00fcn onaylad\u0131\u011f\u0131 &#8220;Milli E\u011fitim Temel Kanunu ile Baz\u0131 Kanun ve Kanun H\u00fckm\u00fcnde Kararnamelerde De\u011fi\u015fiklik Yap\u0131lmas\u0131na Dair Kanun&#8221; ile \u00d6\u011fretim Kurumlar\u0131 Kanunu&#8217;ndan &#8220;dershane&#8221; tan\u0131m\u0131 \u00e7\u0131kar\u0131larak, orta\u00f6\u011fretime veya y\u00fcksek\u00f6\u011fretime giri\u015f s\u0131navlar\u0131na veya bu s\u0131navlar kapsam\u0131ndaki derslere haz\u0131rl\u0131k niteli\u011finde kurs a\u00e7\u0131lmas\u0131 da engelleniyor.<\/p>\n<p>Dershane ve \u00f6\u011frenci et\u00fct merkezleri, e\u011fitim \u00f6\u011fretim faaliyetlerine 1 Eyl\u00fcl 2015&#8217;e kadar devam edebilecek, 2018\/2019 e\u011fitim \u00f6\u011fretim y\u0131l\u0131 sonuna kadar \u00f6zel okullara d\u00f6n\u00fc\u015fecek.<\/p>\n<p>Talim ve Terbiye Kurulu \u00fcyeleri, m\u00fcste\u015far yard\u0131mc\u0131s\u0131, genel m\u00fcd\u00fcr, in\u015faat ve emlak grup ba\u015fkan\u0131 ve grup ba\u015fkan\u0131 ile il m\u00fcd\u00fcrlerinin g\u00f6revi, bu d\u00fczenlemenin yay\u0131m\u0131 tarihinde sona erecek.<\/p>\n<p>D\u00f6n\u00fc\u015f\u00fcm s\u00fcrecinin bitiminde, d\u00f6n\u00fc\u015fme talebinde bulunduklar\u0131 \u00f6rg\u00fcn e\u011fitim kurumunun gerekli \u015fartlar\u0131 kar\u015f\u0131layamayanlar\u0131n kurum a\u00e7ma izinleri iptal edilerek, faaliyetlerine son verilecek.<\/p>\n<!-- Error, Advert is not available at this time due to schedule\/geolocation restrictions! -->\n","protected":false},"excerpt":{"rendered":"<p>Cumhurba\u015fkan\u0131 Abdullah G\u00fcl, dershanelerle ilgili d\u00fczenlemeleri de i\u00e7eren \u201cMilli E\u011fitim Temel Kanunu ile Baz\u0131 Kanun ve Kanun H\u00fckm\u00fcnde Kararnamelerde De\u011fi\u015fiklik Yap\u0131lmas\u0131na Dair Kanun\u201du onaylad\u0131.<\/p>\n","protected":false},"author":3,"featured_media":175187,"comment_status":"open","ping_status":"open","sticky":false,"template":"","format":"standard","meta":{"_acf_changed":false,"footnotes":""},"categories":[6663,6155,5005,6202,6805],"tags":[4343,46933,31896,4353,96512,98947,143898],"class_list":["post-161323","post","type-post","status-publish","format-standard","has-post-thumbnail","hentry","category-egitim","category-gundem","category-manset","category-politika","category-turkiye","tag-abdullah-gul","tag-abdullah-gul-aciklama","tag-cumhurbaskani","tag-cumhurbaskani-abdullah-gul","tag-dershane","tag-dershaneler-kapaniyor","tag-milli-egitim-temel-kanunu"],"acf":[],"_links":{"self":[{"href":"https:\/\/www.nationalturk.com\/tr\/wp-json\/wp\/v2\/posts\/161323","targetHints":{"allow":["GET"]}}],"collection":[{"href":"https:\/\/www.nationalturk.com\/tr\/wp-json\/wp\/v2\/posts"}],"about":[{"href":"https:\/\/www.nationalturk.com\/tr\/wp-json\/wp\/v2\/types\/post"}],"author":[{"embeddable":true,"href":"https:\/\/www.nationalturk.com\/tr\/wp-json\/wp\/v2\/users\/3"}],"replies":[{"embeddable":true,"href":"https:\/\/www.nationalturk.com\/tr\/wp-json\/wp\/v2\/comments?post=161323"}],"version-history":[{"count":0,"href":"https:\/\/www.nationalturk.com\/tr\/wp-json\/wp\/v2\/posts\/161323\/revisions"}],"wp:featuredmedia":[{"embeddable":true,"href":"https:\/\/www.nationalturk.com\/tr\/wp-json\/wp\/v2\/media\/175187"}],"wp:attachment":[{"href":"https:\/\/www.nationalturk.com\/tr\/wp-json\/wp\/v2\/media?parent=161323"}],"wp:term":[{"taxonomy":"category","embeddable":true,"href":"https:\/\/www.nationalturk.com\/tr\/wp-json\/wp\/v2\/categories?post=161323"},{"taxonomy":"post_tag","embeddable":true,"href":"https:\/\/www.nationalturk.com\/tr\/wp-json\/wp\/v2\/tags?post=161323"}],"curies":[{"name":"wp","href":"https:\/\/api.w.org\/{rel}","templated":true}]}}