{"id":161400,"date":"2014-03-14T09:11:56","date_gmt":"2014-03-14T07:11:56","guid":{"rendered":"http:\/\/www.nationalturk.com\/?p=161400"},"modified":"2014-03-14T09:11:56","modified_gmt":"2014-03-14T07:11:56","slug":"camide-icki-ictiler-diyen-basbakana-takipsizlik-161400","status":"publish","type":"post","link":"https:\/\/www.nationalturk.com\/tr\/camide-icki-ictiler-diyen-basbakana-takipsizlik-161400\/","title":{"rendered":"&#8220;Camide i\u00e7ki i\u00e7tiler&#8221; diyen ba\u015fbakana takipsizlik"},"content":{"rendered":"<h1><a href=\"http:\/\/www.nationalturk.com\/tr\/wp-content\/uploads\/2014\/03\/cami-icki-basbakan.jpg\"><img loading=\"lazy\" decoding=\"async\" class=\"aligncenter size-full wp-image-161401\" alt=\"cami-icki-basbakan\" src=\"http:\/\/www.nationalturk.com\/tr\/wp-content\/uploads\/2014\/03\/cami-icki-basbakan.jpg\" width=\"610\" height=\"320\" title=\"\" srcset=\"https:\/\/www.nationalturk.com\/tr\/wp-content\/uploads\/2014\/03\/cami-icki-basbakan.jpg 610w, https:\/\/www.nationalturk.com\/tr\/wp-content\/uploads\/2014\/03\/cami-icki-basbakan-280x146.jpg 280w\" sizes=\"auto, (max-width: 610px) 100vw, 610px\" \/><\/a>Ba\u015fbakan Erdo\u011fan&#8217;\u0131n \u201cCamide i\u00e7ki i\u00e7tiler\u201d a\u00e7\u0131klamas\u0131n\u0131n ard\u0131ndan \u201chalk\u0131 kin ve d\u00fc\u015fmanl\u0131\u011fa tahrik etmek\u201d su\u00e7unu i\u015fledi\u011fi gerek\u00e7esiyle yap\u0131lan su\u00e7 duyurusuna takipsizlik karar\u0131 verildi.<\/h1>\n<p>Ba\u015fbakan Rece Tayyip Erdo\u011fan&#8217;\u0131n Gezi eylemleri s\u0131ras\u0131nda \u201cCamide i\u00e7ki i\u00e7tiler\u201d \u015feklinde a\u00e7\u0131klama yapmas\u0131 \u00fczerine yap\u0131lan su\u00e7 duyurusuna takipsizlik karar\u0131 verildi. Ankara Cumhuriyet Ba\u015fsavc\u0131l\u0131\u011f\u0131, Erdo\u011fan\u2019\u0131n a\u00e7\u0131klamalar\u0131 i\u00e7in \u201cmutlak dokunulmazl\u0131k&#8221; dedi.<\/p>\n<p>CHP Konya Milletvekili Atilla Kart\u2019\u0131n Ba\u015fbakan Erdo\u011fan, Adalet Bakan\u0131 Bekir Bozda\u011f ve AKP milletvekili Mehmet Metiner\u2019in Gezi eylemleri s\u0131ras\u0131nda Dolmabah\u00e7e Cami\u2019nde i\u00e7ki i\u00e7ildi\u011fi, Kabata\u015f\u2019ta t\u00fcrbanl\u0131 bir kad\u0131n\u0131n sald\u0131r\u0131ya u\u011frad\u0131\u011f\u0131 a\u00e7\u0131klamalar\u0131yla \u201chalk\u0131 kin ve d\u00fc\u015fmanl\u0131\u011fa tahrik\u201d, \u201cayr\u0131mc\u0131l\u0131k\u201d ve devlet n\u00fcfuzunu k\u00f6t\u00fcye kullanmak\u201d gerek\u00e7esiyle Ankara Cumhuriyet Ba\u015fsavc\u0131l\u0131\u011f\u0131\u2019na yapt\u0131\u011f\u0131 su\u00e7 duyurusu sonu\u00e7land\u0131.<\/p>\n<p>Ba\u015fsavc\u0131l\u0131k, yap\u0131lan a\u00e7\u0131klamalar\u0131n \u201cmutlak dokunulmazl\u0131k\u201d kapsam\u0131nda oldu\u011funu ileri s\u00fcrerek takipsizlik karar\u0131 verdi. Karar\u0131n gerek\u00e7esinde, \u201cS\u00f6ylendi\u011fi iddia olunan s\u00f6zlerin mutlak dokunulmazl\u0131k kapsam\u0131nda bulundu\u011fu, s\u00f6zlerin i\u00e7eri\u011fi ile ilgili ceza hukuku y\u00f6n\u00fcnden de\u011ferlendirme yap\u0131lmas\u0131na gerek bulunmad\u0131\u011f\u0131, ba\u015fbakan ve bakanlar hakk\u0131nda soru\u015fturma yetkisinin TBMM\u2019ye ait oldu\u011fu ve \u015f\u00fcpheliler hakk\u0131nda soru\u015fturma ve kovu\u015fturma yap\u0131lmas\u0131na yer olmad\u0131\u011f\u0131na karar verildi\u201d denildi.<\/p>\n<!-- Error, Advert is not available at this time due to schedule\/geolocation restrictions! -->\n","protected":false},"excerpt":{"rendered":"<p>Ba\u015fbakan Erdo\u011fan&#8217;\u0131n \u201cCamide i\u00e7ki i\u00e7tiler\u201d a\u00e7\u0131klamas\u0131n\u0131n ard\u0131ndan \u201chalk\u0131 kin ve d\u00fc\u015fmanl\u0131\u011fa tahrik etmek\u201d su\u00e7unu i\u015fledi\u011fi gerek\u00e7esiyle yap\u0131lan su\u00e7 duyurusuna takipsizlik karar\u0131 verildi.<\/p>\n","protected":false},"author":3,"featured_media":161401,"comment_status":"open","ping_status":"open","sticky":false,"template":"","format":"standard","meta":{"_acf_changed":false,"footnotes":""},"categories":[6155,5005,6202,6805],"tags":[24372,156838,24422,17973,8952,3888,12343,142050],"class_list":["post-161400","post","type-post","status-publish","format-standard","has-post-thumbnail","hentry","category-gundem","category-manset","category-politika","category-turkiye","tag-adalet-bakani","tag-adalet-bakani-bekir-bozdag","tag-ankara-cumhuriyet-bassavciligi","tag-atilla-kart","tag-basbakan","tag-basbakan-erdogan","tag-bekir-bozdag","tag-camide-icki-ictiler"],"acf":[],"_links":{"self":[{"href":"https:\/\/www.nationalturk.com\/tr\/wp-json\/wp\/v2\/posts\/161400","targetHints":{"allow":["GET"]}}],"collection":[{"href":"https:\/\/www.nationalturk.com\/tr\/wp-json\/wp\/v2\/posts"}],"about":[{"href":"https:\/\/www.nationalturk.com\/tr\/wp-json\/wp\/v2\/types\/post"}],"author":[{"embeddable":true,"href":"https:\/\/www.nationalturk.com\/tr\/wp-json\/wp\/v2\/users\/3"}],"replies":[{"embeddable":true,"href":"https:\/\/www.nationalturk.com\/tr\/wp-json\/wp\/v2\/comments?post=161400"}],"version-history":[{"count":0,"href":"https:\/\/www.nationalturk.com\/tr\/wp-json\/wp\/v2\/posts\/161400\/revisions"}],"wp:featuredmedia":[{"embeddable":true,"href":"https:\/\/www.nationalturk.com\/tr\/wp-json\/wp\/v2\/media\/161401"}],"wp:attachment":[{"href":"https:\/\/www.nationalturk.com\/tr\/wp-json\/wp\/v2\/media?parent=161400"}],"wp:term":[{"taxonomy":"category","embeddable":true,"href":"https:\/\/www.nationalturk.com\/tr\/wp-json\/wp\/v2\/categories?post=161400"},{"taxonomy":"post_tag","embeddable":true,"href":"https:\/\/www.nationalturk.com\/tr\/wp-json\/wp\/v2\/tags?post=161400"}],"curies":[{"name":"wp","href":"https:\/\/api.w.org\/{rel}","templated":true}]}}