{"id":161643,"date":"2014-03-18T08:42:08","date_gmt":"2014-03-18T06:42:08","guid":{"rendered":"http:\/\/www.nationalturk.com\/?p=161643"},"modified":"2014-03-18T08:42:08","modified_gmt":"2014-03-18T06:42:08","slug":"rusya-kirim-resmen-tanidi-161643","status":"publish","type":"post","link":"https:\/\/www.nationalturk.com\/tr\/rusya-kirim-resmen-tanidi-161643\/","title":{"rendered":"Rusya, K\u0131r\u0131m&#8217;\u0131 resmen tan\u0131d\u0131"},"content":{"rendered":"<h1><a href=\"http:\/\/www.nationalturk.com\/tr\/wp-content\/uploads\/2014\/03\/rusya-kirim.jpeg\"><img loading=\"lazy\" decoding=\"async\" class=\"aligncenter  wp-image-161644\" alt=\"rusya-kirim\" src=\"http:\/\/www.nationalturk.com\/tr\/wp-content\/uploads\/2014\/03\/rusya-kirim.jpeg\" width=\"610\" height=\"310\" title=\"\"><\/a>Rusya Devlet Ba\u015fkan\u0131 Vladimir Putin, K\u0131r\u0131m&#8217;\u0131n &#8220;ba\u011f\u0131ms\u0131z bir devlet olarak&#8221; tan\u0131nmas\u0131na ili\u015fkin belgeyi imzalad\u0131.<\/h1>\n<p>Kremlin resmi internet sitesinde yer alan belgede, &#8220;K\u0131r\u0131m halklar\u0131n\u0131n 16 Mart 2014 tarihindeki referandumda ortaya koydu\u011fu \u00f6zg\u00fcr irade g\u00f6z \u00f6n\u00fcnde bulundurularak K\u0131r\u0131m Cumhuriyeti&#8217;nin, Sivastopol \u015fehrinin \u00f6zel bir stat\u00fc ta\u015f\u0131yarak ba\u011f\u0131ms\u0131z ve egemen bir devlet olarak tan\u0131nd\u0131\u011f\u0131&#8221; belirtildi.<\/p>\n<p>\u00d6te yandan Putin, yar\u0131n Kremlin&#8217;de, parlamentonun \u00fcst ve alt kanad\u0131 milletvekilleri, b\u00f6lgesel y\u00f6neticiler ve sivil toplum kurulu\u015flar\u0131 temsilcileriyle K\u0131r\u0131m&#8217;\u0131n Rusya&#8217;ya ba\u011flanma karar\u0131n\u0131 de\u011ferlendirmek \u00fczere bir araya gelecek.<\/p>\n<h2>Tek tarafl\u0131 kararlar<\/h2>\n<p>N\u00fcfusunun yakla\u015f\u0131k y\u00fczde 60&#8217;\u0131n\u0131 Rus ve Rus\u00e7a konu\u015fan n\u00fcfusun olu\u015fturdu\u011fu K\u0131r\u0131m \u00d6zerk Cumhuriyeti&#8217;nde, parlamentonun b\u00fcy\u00fck \u00e7o\u011funlu\u011fu bu kesimin temsilcilerinden olu\u015fuyor. 27 \u015eubat 2014&#8217;te parlamentonun Rus askerleri oldu\u011fu anla\u015f\u0131lan silahl\u0131 gruplarca ele ge\u00e7irilmesinin ard\u0131ndan 6 Mart&#8217;taki oturumda K\u0131r\u0131m&#8217;\u0131n gelece\u011finin referandumla belirlenmesi kararla\u015ft\u0131r\u0131lm\u0131\u015ft\u0131. 16 Mart&#8217;ta d\u00fczenlenen referandumun sonucunda b\u00f6lge halk\u0131n\u0131n Rusya&#8217;ya ba\u011flanmay\u0131 tercih etti\u011fi ilan edilmi\u015fti. Ancak Ukrayna yasalar\u0131na g\u00f6re, K\u0131r\u0131m&#8217;daki y\u00f6neticilerin se\u00e7iminden referandum karar\u0131na pek \u00e7ok konuda Kiev&#8217;deki merkezi h\u00fck\u00fcmetin onay\u0131 gerekiyor. Bu nedenle Ukrayna y\u00f6netimi, K\u0131r\u0131m parlamentosunun 27 \u015eubat&#8217;tan sonraki icraatlar\u0131n\u0131n tek tarafl\u0131 ve yasa d\u0131\u015f\u0131 oldu\u011funu vurguluyor.<\/p>\n<!-- Error, Advert is not available at this time due to schedule\/geolocation restrictions! -->\n","protected":false},"excerpt":{"rendered":"<p>Rusya Devlet Ba\u015fkan\u0131 Vladimir Putin, K\u0131r\u0131m&#8217;\u0131n &#8220;ba\u011f\u0131ms\u0131z bir devlet olarak&#8221; tan\u0131nmas\u0131na ili\u015fkin belgeyi imzalad\u0131.<\/p>\n","protected":false},"author":3,"featured_media":161644,"comment_status":"open","ping_status":"open","sticky":false,"template":"","format":"standard","meta":{"_acf_changed":false,"footnotes":""},"categories":[6665,6155,5005,6202],"tags":[22632,156585,155184,155436,13945,155588,38016,103541,137109,850,22631,147777,1530],"class_list":["post-161643","post","type-post","status-publish","format-standard","has-post-thumbnail","hentry","category-dunya","category-gundem","category-manset","category-politika","tag-kirim","tag-kirim-cumhuriyeti","tag-kirim-ozerk-cumhuriyeti","tag-kirim-rusya","tag-kremlin","tag-kremlin-rusya","tag-rusya-devlet-baskani","tag-rusya-devlet-baskani-vladimir-putin","tag-sivastopol","tag-ukrayna","tag-ukrayna-kirim","tag-ukrayna-olaylar","tag-vladimir-putin"],"acf":[],"_links":{"self":[{"href":"https:\/\/www.nationalturk.com\/tr\/wp-json\/wp\/v2\/posts\/161643","targetHints":{"allow":["GET"]}}],"collection":[{"href":"https:\/\/www.nationalturk.com\/tr\/wp-json\/wp\/v2\/posts"}],"about":[{"href":"https:\/\/www.nationalturk.com\/tr\/wp-json\/wp\/v2\/types\/post"}],"author":[{"embeddable":true,"href":"https:\/\/www.nationalturk.com\/tr\/wp-json\/wp\/v2\/users\/3"}],"replies":[{"embeddable":true,"href":"https:\/\/www.nationalturk.com\/tr\/wp-json\/wp\/v2\/comments?post=161643"}],"version-history":[{"count":0,"href":"https:\/\/www.nationalturk.com\/tr\/wp-json\/wp\/v2\/posts\/161643\/revisions"}],"wp:featuredmedia":[{"embeddable":true,"href":"https:\/\/www.nationalturk.com\/tr\/wp-json\/wp\/v2\/media\/161644"}],"wp:attachment":[{"href":"https:\/\/www.nationalturk.com\/tr\/wp-json\/wp\/v2\/media?parent=161643"}],"wp:term":[{"taxonomy":"category","embeddable":true,"href":"https:\/\/www.nationalturk.com\/tr\/wp-json\/wp\/v2\/categories?post=161643"},{"taxonomy":"post_tag","embeddable":true,"href":"https:\/\/www.nationalturk.com\/tr\/wp-json\/wp\/v2\/tags?post=161643"}],"curies":[{"name":"wp","href":"https:\/\/api.w.org\/{rel}","templated":true}]}}