{"id":161674,"date":"2014-03-18T10:49:21","date_gmt":"2014-03-18T08:49:21","guid":{"rendered":"http:\/\/www.nationalturk.com\/?p=161674"},"modified":"2022-09-12T15:05:11","modified_gmt":"2022-09-12T12:05:11","slug":"meksika-ligi-ilginc-protesto-161674","status":"publish","type":"post","link":"https:\/\/www.nationalturk.com\/tr\/meksika-ligi-ilginc-protesto-161674\/","title":{"rendered":"Meksika Ligi&#8217;nde ilgin\u00e7 protesto"},"content":{"rendered":"<h1><a href=\"http:\/\/www.nationalturk.com\/tr\/wp-content\/uploads\/2014\/03\/meksika-futbol-ligi.jpeg\"><img loading=\"lazy\" decoding=\"async\" class=\"aligncenter size-full wp-image-161676\" alt=\"meksika-futbol-ligi\" src=\"http:\/\/www.nationalturk.com\/tr\/wp-content\/uploads\/2014\/03\/meksika-futbol-ligi.jpeg\" width=\"600\" height=\"298\" title=\"\" srcset=\"https:\/\/www.nationalturk.com\/tr\/wp-content\/uploads\/2014\/03\/meksika-futbol-ligi.jpeg 600w, https:\/\/www.nationalturk.com\/tr\/wp-content\/uploads\/2014\/03\/meksika-futbol-ligi-280x139.jpeg 280w\" sizes=\"auto, (max-width: 600px) 100vw, 600px\" \/><\/a>Meksika 2. Ligi, sahalarda ender g\u00f6r\u00fcnen bir protestoya sahne oldu. Maa\u015flar\u0131n\u0131 alamayan futbolcular kafalar\u0131na kese ka\u011f\u0131d\u0131 ge\u00e7irerek sahaya \u00e7\u0131kt\u0131lar.<\/h1>\n<p>Meksika 2. Ligi tak\u0131mlar\u0131ndan Merida&#8217;n\u0131n iki ayd\u0131r maa\u015flar\u0131n\u0131 alamayan futbolcular\u0131 bug\u00fcne kadar sahalarda g\u00f6r\u00fclmeyen bir protestoya imza att\u0131.<\/p>\n<p>Latin Amerika&#8217;da para i\u015fareti olarak kullan\u0131lan &#8220;$&#8221; simgesi yaz\u0131l\u0131 kese ka\u011f\u0131tlar\u0131n\u0131 kafalar\u0131na ge\u00e7irerek maa\u015flar\u0131n\u0131n \u00f6denmemesini isteyen futbolcular\u0131n bu eylemi olduk\u00e7a ses getirdi.<\/p>\n<p>Kul\u00fcp y\u00f6netiminin bu eylem sonras\u0131 en k\u0131sa zamanda futbolcular\u0131n alacaklar\u0131n\u0131 \u00f6deyece\u011fi \u00f6\u011frenildi.<\/p>\n<!-- Error, Advert is not available at this time due to schedule\/geolocation restrictions! -->\n","protected":false},"excerpt":{"rendered":"<p>Meksika 2. Ligi, sahalarda ender g\u00f6r\u00fcnen bir protestoya sahne oldu. Maa\u015flar\u0131n\u0131 alamayan futbolcular kafalar\u0131na kese ka\u011f\u0131d\u0131 ge\u00e7irerek sahaya \u00e7\u0131kt\u0131lar.<\/p>\n","protected":false},"author":3,"featured_media":161676,"comment_status":"open","ping_status":"open","sticky":false,"template":"","format":"standard","meta":{"_acf_changed":false,"footnotes":""},"categories":[6774,6771,5005,6194],"tags":[2011,827],"class_list":["post-161674","post","type-post","status-publish","format-standard","has-post-thumbnail","hentry","category-futbol","category-latin-amerika","category-manset","category-spor","tag-latin-amerika","tag-meksika"],"acf":[],"_links":{"self":[{"href":"https:\/\/www.nationalturk.com\/tr\/wp-json\/wp\/v2\/posts\/161674","targetHints":{"allow":["GET"]}}],"collection":[{"href":"https:\/\/www.nationalturk.com\/tr\/wp-json\/wp\/v2\/posts"}],"about":[{"href":"https:\/\/www.nationalturk.com\/tr\/wp-json\/wp\/v2\/types\/post"}],"author":[{"embeddable":true,"href":"https:\/\/www.nationalturk.com\/tr\/wp-json\/wp\/v2\/users\/3"}],"replies":[{"embeddable":true,"href":"https:\/\/www.nationalturk.com\/tr\/wp-json\/wp\/v2\/comments?post=161674"}],"version-history":[{"count":0,"href":"https:\/\/www.nationalturk.com\/tr\/wp-json\/wp\/v2\/posts\/161674\/revisions"}],"wp:featuredmedia":[{"embeddable":true,"href":"https:\/\/www.nationalturk.com\/tr\/wp-json\/wp\/v2\/media\/161676"}],"wp:attachment":[{"href":"https:\/\/www.nationalturk.com\/tr\/wp-json\/wp\/v2\/media?parent=161674"}],"wp:term":[{"taxonomy":"category","embeddable":true,"href":"https:\/\/www.nationalturk.com\/tr\/wp-json\/wp\/v2\/categories?post=161674"},{"taxonomy":"post_tag","embeddable":true,"href":"https:\/\/www.nationalturk.com\/tr\/wp-json\/wp\/v2\/tags?post=161674"}],"curies":[{"name":"wp","href":"https:\/\/api.w.org\/{rel}","templated":true}]}}