{"id":161759,"date":"2014-03-19T12:00:03","date_gmt":"2014-03-19T10:00:03","guid":{"rendered":"http:\/\/www.nationalturk.com\/?p=161759"},"modified":"2014-03-19T12:00:03","modified_gmt":"2014-03-19T10:00:03","slug":"ispanya-basbakani-rajoy-katalonya-referandumuna-izin-vermeyecegim-161759","status":"publish","type":"post","link":"https:\/\/www.nationalturk.com\/tr\/ispanya-basbakani-rajoy-katalonya-referandumuna-izin-vermeyecegim-161759\/","title":{"rendered":"\u0130spanya Ba\u015fbakan\u0131 Rajoy: Katalonya referandumuna izin vermeyece\u011fim"},"content":{"rendered":"<p><img loading=\"lazy\" decoding=\"async\" class=\"alignnone size-full wp-image-161760\" alt=\"Katalonya\" src=\"http:\/\/www.nationalturk.com\/tr\/wp-content\/uploads\/2014\/03\/katalonya_secim.jpg\" width=\"610\" height=\"400\" title=\"\"><\/p>\n<h1>\u0130spanya Ba\u015fbakan\u0131 Mariano Rajoy, Katalonya \u00f6zerk y\u00f6netim h\u00fck\u00fcmetinin 9 Kas\u0131m tarihinde ger\u00e7ekle\u015ftirmek istedi\u011fi ba\u011f\u0131ms\u0131zl\u0131k yanl\u0131s\u0131 referanduma bir kez daha net bir \u015fekilde kar\u015f\u0131 \u00e7\u0131kt\u0131.<\/h1>\n<p>Muhalefetin h\u00fck\u00fcmete kar\u015f\u0131 \u00f6nergelerini sundu\u011fu meclisteki haftal\u0131k ola\u011fan oturumda konu\u015fan Rajoy, &#8220;Katalonya&#8217;n\u0131n \u0130spanya&#8217;dan ayr\u0131lmas\u0131na y\u00f6nelik bir referandumun yap\u0131lmas\u0131na m\u00fcsade etmeyece\u011fim. Daha da fazlas\u0131n\u0131 s\u00f6yleyeyim. Hi\u00e7kimse avronun, BM anla\u015fmalar\u0131n\u0131n, AB&#8217;nin d\u0131\u015f\u0131nda kalm\u0131\u015f, fakirle\u015fmi\u015f, ba\u011f\u0131ms\u0131z bir Katalonya&#8217;ya lay\u0131k de\u011fildir&#8221; dedi.<\/p>\n<p>Katalonya Cumhuriyet\u00e7i Solu (ERC) partisinin meclis s\u00f6zc\u00fcs\u00fc Alfred Bosch&#8217;un soru \u00f6nergesini cevaplayan \u0130spanya Ba\u015fbakan\u0131, kendi gelece\u011fine karar verme hakk\u0131n\u0131n, bir ki\u015fiye veya bir gruba verilemeyece\u011fini, \u0130spanyol halk\u0131n\u0131n tamam\u0131n\u0131 kapsad\u0131\u011f\u0131n\u0131 ve bunun anayasada belirtildi\u011fini vurgulad\u0131. &#8220;Anayasan\u0131n \u00fczerine \u00e7\u0131kamazs\u0131n\u0131z. Bu elbette bir k\u0131rm\u0131z\u0131 \u0131\u015f\u0131kt\u0131r ve demokratik de\u011fildir&#8221; diyen Rajoy, &#8220;Yasalar olmadan demokrasi olmaz. Hepimiz yasalar\u0131 yerine getirmekle y\u00fck\u00fcml\u00fcy\u00fcz ve ben bunu yapaca\u011f\u0131m. Referandum olmayacak&#8221; s\u00f6z\u00fcn\u00fcn alt\u0131n\u0131 \u00e7izdi.<\/p>\n<p>Bu arada soru \u00f6nergesinin sahibi ERC milletvekili Bosch ise &#8220;Milyonlarca insan bu cd&#8217;nin de\u011fi\u015fmesini, tam \u00f6zg\u00fcrl\u00fc\u011fe ve demokrasiye ge\u00e7ilmesini bekliyor. Biz her zaman ye\u015fil \u0131\u015f\u0131kta ge\u00e7iyoruz ve sizin de 9 Kas\u0131m i\u00e7in demokrasinin ye\u015fil \u0131\u015f\u0131\u011f\u0131n\u0131 yakman\u0131z\u0131 bekliyoruz. Oy kullanmak demokratik bir hakt\u0131r&#8221; g\u00f6r\u00fc\u015f\u00fcn\u00fc savundu. Bosch, iktidardaki Halk Partisi&#8217;nin (PP) referanduma kar\u015f\u0131 sabit tutumunu de\u011fi\u015ftirmemesi halinde bunun ileride &#8220;bir kazaya neden olabilece\u011fi&#8221; uyar\u0131s\u0131nda bulundu.<\/p>\n<!-- Error, Advert is not available at this time due to schedule\/geolocation restrictions! -->\n","protected":false},"excerpt":{"rendered":"<p>\u0130spanya Ba\u015fbakan\u0131 Mariano Rajoy, Katalonya \u00f6zerk y\u00f6netim h\u00fck\u00fcmetinin 9 Kas\u0131m tarihinde ger\u00e7ekle\u015ftirmek istedi\u011fi ba\u011f\u0131ms\u0131zl\u0131k yanl\u0131s\u0131 referanduma bir kez daha net bir \u015fekilde kar\u015f\u0131 \u00e7\u0131kt\u0131.<\/p>\n","protected":false},"author":4,"featured_media":161760,"comment_status":"open","ping_status":"open","sticky":false,"template":"","format":"standard","meta":{"_acf_changed":false,"footnotes":""},"categories":[6770,6665,6155,5005,6202],"tags":[35272,15,35270,154614,157287,155062,21203,154611,154613,154612,157286,155061],"class_list":["post-161759","post","type-post","status-publish","format-standard","has-post-thumbnail","hentry","category-avrupa","category-dunya","category-gundem","category-manset","category-politika","tag-bagimsiz-katalonya","tag-ispanya","tag-ispanya-katalonya","tag-ispanya-meclis","tag-ispanya-referandum","tag-ispanya-ulusal-tartisma","tag-ispanyol","tag-ispanyol-meclisi","tag-katalan-parlamentosu","tag-katalonya-ozerk-yonetimi","tag-katalonya-referandum","tag-ulusal-tartisma"],"acf":[],"_links":{"self":[{"href":"https:\/\/www.nationalturk.com\/tr\/wp-json\/wp\/v2\/posts\/161759","targetHints":{"allow":["GET"]}}],"collection":[{"href":"https:\/\/www.nationalturk.com\/tr\/wp-json\/wp\/v2\/posts"}],"about":[{"href":"https:\/\/www.nationalturk.com\/tr\/wp-json\/wp\/v2\/types\/post"}],"author":[{"embeddable":true,"href":"https:\/\/www.nationalturk.com\/tr\/wp-json\/wp\/v2\/users\/4"}],"replies":[{"embeddable":true,"href":"https:\/\/www.nationalturk.com\/tr\/wp-json\/wp\/v2\/comments?post=161759"}],"version-history":[{"count":0,"href":"https:\/\/www.nationalturk.com\/tr\/wp-json\/wp\/v2\/posts\/161759\/revisions"}],"wp:featuredmedia":[{"embeddable":true,"href":"https:\/\/www.nationalturk.com\/tr\/wp-json\/wp\/v2\/media\/161760"}],"wp:attachment":[{"href":"https:\/\/www.nationalturk.com\/tr\/wp-json\/wp\/v2\/media?parent=161759"}],"wp:term":[{"taxonomy":"category","embeddable":true,"href":"https:\/\/www.nationalturk.com\/tr\/wp-json\/wp\/v2\/categories?post=161759"},{"taxonomy":"post_tag","embeddable":true,"href":"https:\/\/www.nationalturk.com\/tr\/wp-json\/wp\/v2\/tags?post=161759"}],"curies":[{"name":"wp","href":"https:\/\/api.w.org\/{rel}","templated":true}]}}