{"id":161843,"date":"2014-03-20T15:51:22","date_gmt":"2014-03-20T13:51:22","guid":{"rendered":"http:\/\/www.nationalturk.com\/?p=161843"},"modified":"2014-03-20T15:51:22","modified_gmt":"2014-03-20T13:51:22","slug":"avrupa-birligi-zirvesi-toplaniyor-putine-yaptirimlar-yolda-161843","status":"publish","type":"post","link":"https:\/\/www.nationalturk.com\/tr\/avrupa-birligi-zirvesi-toplaniyor-putine-yaptirimlar-yolda-161843\/","title":{"rendered":"Avrupa Birli\u011fi zirvesi toplan\u0131yor! Putin&#8217;e yapt\u0131r\u0131mlar yolda"},"content":{"rendered":"<p><img loading=\"lazy\" decoding=\"async\" class=\"alignleft size-medium wp-image-161844\" alt=\"ab\" src=\"http:\/\/www.nationalturk.com\/tr\/wp-content\/uploads\/2014\/03\/ab1-280x210.jpg\" width=\"280\" height=\"210\" title=\"\" srcset=\"https:\/\/www.nationalturk.com\/tr\/wp-content\/uploads\/2014\/03\/ab1-280x210.jpg 280w, https:\/\/www.nationalturk.com\/tr\/wp-content\/uploads\/2014\/03\/ab1.jpg 460w\" sizes=\"auto, (max-width: 280px) 100vw, 280px\" \/><\/p>\n<h1>Avrupa Birli\u011fi (AB) \u00fcyesi \u00fclkelerin devlet ve h\u00fck\u00fcmet ba\u015fkanlar\u0131, uygulanan yapt\u0131r\u0131mlara ve yap\u0131lan uyar\u0131lara ra\u011fmen K\u0131r\u0131m\u2019\u0131 topraklar\u0131na katma karar\u0131 alan Rusya\u2019ya kar\u015f\u0131 at\u0131lacak yeni ad\u0131mlar \u00fczerinde uzla\u015fmaya \u00e7al\u0131\u015facak.<\/h1>\n<p>Ukrayna konusunu ak\u015fam yeme\u011finde ele alacak liderlerin ilk etapta, hafta ba\u015f\u0131nda AB d\u0131\u015fi\u015fleri bakanlar\u0131 taraf\u0131ndan onaylanan 21 ki\u015filik yapt\u0131r\u0131m listesine &#8220;siyasi ve askeri a\u011f\u0131rl\u0131\u011f\u0131 daha y\u00fcksek&#8221; yeni isimler eklemeleri \u00f6ng\u00f6r\u00fcl\u00fcyor.<\/p>\n<p>AB liderlerinin bu kez ABD taraf\u0131ndan haz\u0131rlanan listede oldu\u011fu gibi Rusya Devlet Ba\u015fkan\u0131 Vladimir Putin\u2019in yak\u0131n \u00e7evresinden isimleri hedef almas\u0131 bekleniyor.<\/p>\n<p>&#8211; Rusya\u2019ya ekonomik yapt\u0131r\u0131m uygulanacak m\u0131? &#8211;<\/p>\n<p>Bireylere y\u00f6nelik haz\u0131rlanan listenin Rusya\u2019n\u0131n manevralar\u0131 \u00fczerindeki etkisi s\u0131f\u0131ra yak\u0131n olurken, liderlerin nas\u0131l bir ad\u0131m atacaklar\u0131n\u0131n merak edildi\u011fi as\u0131l konuyu ise daha \u00f6nce belirlenen \u00fc\u00e7 a\u015famal\u0131 stratejinin \u00fc\u00e7\u00fcnc\u00fc aya\u011f\u0131n\u0131n devreye sokularak Rusya\u2019ya kar\u015f\u0131 ekonomik i\u00e7erikli yapt\u0131r\u0131mlar uygulan\u0131p uygulanmayaca\u011f\u0131 olu\u015fturuyor.<\/p>\n<p>AB liderleri, 6 Mart\u2019ta yapt\u0131klar\u0131 a\u00e7\u0131klamada, \u201cRusya Federasyonu\u2019nun Ukrayna\u2019daki durumu istikrars\u0131zla\u015ft\u0131racak daha fazla ad\u0131m atmas\u0131 halinde\u201d ekonomik yapt\u0131r\u0131mlar\u0131n hayata ge\u00e7irilece\u011fini bildirmi\u015fti.<\/p>\n<p>AB kaynaklar\u0131, K\u0131r\u0131m ba\u011flam\u0131ndaki son geli\u015fmelere ra\u011fmen \u00fcye \u00fclkeler aras\u0131nda \u015fu a\u015famada ekonomik yapt\u0131r\u0131m karar\u0131 alma y\u00f6n\u00fcnde fazla bir istek olmad\u0131\u011f\u0131n\u0131 ve hen\u00fcz uzla\u015f\u0131dan bahsetmek i\u00e7in erken oldu\u011funu belirtiyor. \u00d6zellikle \u0130ngiltere ile Almanya aras\u0131ndaki g\u00f6r\u00fc\u015f ayr\u0131l\u0131klar\u0131n\u0131n giderilemedi\u011fi kaydediliyor.<\/p>\n<p>Diplomatik kaynaklar, AB\u2019nin \u00fc\u00e7 a\u015famal\u0131 stratejinin \u201cikinci aya\u011f\u0131n\u0131 a\u015fan ve \u00fc\u00e7\u00fcnc\u00fc aya\u011f\u0131na yakla\u015fan\u201d bir karar alabilece\u011fine dikkat \u00e7ekiyor.<\/p>\n<p>&#8211; Enerji ba\u011f\u0131ml\u0131l\u0131\u011f\u0131na \u00e7are aranacak &#8211;<\/p>\n<p>AB liderleri, Ukrayna konusunun yan\u0131 s\u0131ra enerjide d\u0131\u015fa, \u00f6zellikle de Rusya\u2019ya ba\u011f\u0131ml\u0131l\u0131\u011f\u0131 azaltman\u0131n yollar\u0131n\u0131 masaya yat\u0131racak.<\/p>\n<p>Bu arada AB, Ukrayna\u2019n\u0131n da Rusya\u2019ya ba\u011f\u0131ml\u0131l\u0131\u011f\u0131n\u0131 azalt\u0131c\u0131 \u00f6nlemler \u00fczerinde \u00e7al\u0131\u015fmalar\u0131n\u0131 s\u00fcrd\u00fcr\u00fcyor. Bu \u00e7er\u00e7evede d\u00fcn AB Komisyonu\u2019nun enerjiden sorumlu \u00fcyesi G\u00fcnther \u00d6ttinger ile Ukrayna Enerji Bakan\u0131 Yuri Prodhan aras\u0131nda yap\u0131lan g\u00f6r\u00fc\u015fme sonras\u0131nda yap\u0131lan a\u00e7\u0131klamada, Slovakya\u2019dan Ukrayna\u2019ya ak\u0131\u015f sa\u011flayacak boru hatt\u0131na ili\u015fkin anla\u015fman\u0131n nisan sonunda imzalanabilece\u011fi duyurulmu\u015ftu.<\/p>\n<!-- Error, Advert is not available at this time due to schedule\/geolocation restrictions! -->\n","protected":false},"excerpt":{"rendered":"<p>Avrupa Birli\u011fi (AB) \u00fcyesi \u00fclkelerin devlet ve h\u00fck\u00fcmet ba\u015fkanlar\u0131, uygulanan yapt\u0131r\u0131mlara ve yap\u0131lan uyar\u0131lara ra\u011fmen K\u0131r\u0131m\u2019\u0131 topraklar\u0131na katma karar\u0131 alan Rusya\u2019ya kar\u015f\u0131 at\u0131lacak yeni ad\u0131mlar \u00fczerinde uzla\u015fmaya \u00e7al\u0131\u015facak.<\/p>\n","protected":false},"author":4,"featured_media":175100,"comment_status":"open","ping_status":"open","sticky":false,"template":"","format":"standard","meta":{"_acf_changed":false,"footnotes":""},"categories":[6770,6665,6155,6202],"tags":[1719,157387,22632,721,156581,155754,850,1530,157391],"class_list":["post-161843","post","type-post","status-publish","format-standard","has-post-thumbnail","hentry","category-avrupa","category-dunya","category-gundem","category-politika","tag-avrupa-birligi","tag-avrupa-birligi-rusya","tag-kirim","tag-rusya","tag-rusya-ekonomik-yaptirim","tag-rusya-ukrayna-kirim","tag-ukrayna","tag-vladimir-putin","tag-vladimir-putin-kirim"],"acf":[],"_links":{"self":[{"href":"https:\/\/www.nationalturk.com\/tr\/wp-json\/wp\/v2\/posts\/161843","targetHints":{"allow":["GET"]}}],"collection":[{"href":"https:\/\/www.nationalturk.com\/tr\/wp-json\/wp\/v2\/posts"}],"about":[{"href":"https:\/\/www.nationalturk.com\/tr\/wp-json\/wp\/v2\/types\/post"}],"author":[{"embeddable":true,"href":"https:\/\/www.nationalturk.com\/tr\/wp-json\/wp\/v2\/users\/4"}],"replies":[{"embeddable":true,"href":"https:\/\/www.nationalturk.com\/tr\/wp-json\/wp\/v2\/comments?post=161843"}],"version-history":[{"count":0,"href":"https:\/\/www.nationalturk.com\/tr\/wp-json\/wp\/v2\/posts\/161843\/revisions"}],"wp:featuredmedia":[{"embeddable":true,"href":"https:\/\/www.nationalturk.com\/tr\/wp-json\/wp\/v2\/media\/175100"}],"wp:attachment":[{"href":"https:\/\/www.nationalturk.com\/tr\/wp-json\/wp\/v2\/media?parent=161843"}],"wp:term":[{"taxonomy":"category","embeddable":true,"href":"https:\/\/www.nationalturk.com\/tr\/wp-json\/wp\/v2\/categories?post=161843"},{"taxonomy":"post_tag","embeddable":true,"href":"https:\/\/www.nationalturk.com\/tr\/wp-json\/wp\/v2\/tags?post=161843"}],"curies":[{"name":"wp","href":"https:\/\/api.w.org\/{rel}","templated":true}]}}