{"id":161910,"date":"2014-03-21T14:40:40","date_gmt":"2014-03-21T12:40:40","guid":{"rendered":"http:\/\/www.nationalturk.com\/?p=161910"},"modified":"2014-03-21T14:40:40","modified_gmt":"2014-03-21T12:40:40","slug":"erdogan-bukalemun-olsa-kilicdaroglunun-hizina-yetisemez-161910","status":"publish","type":"post","link":"https:\/\/www.nationalturk.com\/tr\/erdogan-bukalemun-olsa-kilicdaroglunun-hizina-yetisemez-161910\/","title":{"rendered":"Erdo\u011fan: Bukalemun olsa K\u0131l\u0131\u00e7daro\u011flu&#8217;nun h\u0131z\u0131na yeti\u015femez"},"content":{"rendered":"<p><img loading=\"lazy\" decoding=\"async\" class=\"alignnone size-large wp-image-161911\" alt=\"Erdo\u011fan rize mitingi\" src=\"http:\/\/www.nationalturk.com\/tr\/wp-content\/uploads\/2014\/03\/erdogan_rize_mitingi-610x395.jpg\" width=\"610\" height=\"395\" title=\"\" srcset=\"https:\/\/www.nationalturk.com\/tr\/wp-content\/uploads\/2014\/03\/erdogan_rize_mitingi-610x395.jpg 610w, https:\/\/www.nationalturk.com\/tr\/wp-content\/uploads\/2014\/03\/erdogan_rize_mitingi-280x181.jpg 280w, https:\/\/www.nationalturk.com\/tr\/wp-content\/uploads\/2014\/03\/erdogan_rize_mitingi.jpg 1200w\" sizes=\"auto, (max-width: 610px) 100vw, 610px\" \/><\/p>\n<h1>Ba\u015fbakan Recep Tayyip Erdo\u011fan Rize mitinginde yapt\u0131\u011f\u0131 konu\u015fmada CHP lideri Kemal K\u0131l\u0131\u00e7daro\u011flu&#8217;u bukalemuna benzetti.<\/h1>\n<p>Rize&#8217;de kalabal\u0131\u011fa seslenen Erdo\u011fan, &#8220;(CHP Genel Ba\u015fkan\u0131 K\u0131l\u0131\u00e7daro\u011flu) \u0130zmir&#8217;e gidiyor, ulusalc\u0131. Suriye&#8217;ye gidiyor, Esedci. Hakkari&#8217;ye gidiyor, ter\u00f6r \u00f6rg\u00fct\u00fc i\u015fareti yap\u0131yor \u00e7\u00fcnk\u00fc b\u00f6l\u00fcc\u00fc. \u0130stanbul&#8217;a gidiyor, vandallara kar\u0131\u015f\u0131yor, gezici. Ankara&#8217;ya geliyor, MHP&#8217;li g\u00f6r\u00fcn\u00fcyor, bozkurt i\u015fareti yap\u0131yor, \u00fclk\u00fcc\u00fc, bu havaya giriyor. \u0130nan\u0131n bukalemun olsa bunun h\u0131z\u0131na yeti\u015femez. Ak\u015fam ba\u015fka, sabah ba\u015fka&#8221; dedi.<\/p>\n<p>Ba\u015fbakan Erdo\u011fan, Fethullah G\u00fclen i\u00e7in de \u015fu ifadeleri kulland\u0131:<\/p>\n<p>&#8221;\u015eimdi birka\u00e7 g\u00fcnd\u00fcr onun patronu oludu\u011fu gazete onun r\u00f6portaj\u0131n\u0131 yay\u0131nlayor. Ne diyorlar, &#8216;Herkes konu\u015ftu o sustu.&#8217; Do\u011fru i\u015fine gelince hep sustu i\u015fine gelince konu\u015ftu. Hakk\u0131n\u0131 yemeyelim arada bir konu\u015ftu. 12 Eyl\u00fcl&#8217;de darbecilere ya\u011f yakt\u0131, 28 \u015eubat&#8217;ta darbecilere \u00f6d\u00fcl verdi, merhum Erbakan s\u00f6z konusu olunca suskunlu\u011funu bozdu. Ne dedi, &#8216;Beceremediniz art\u0131k \u00e7ekilin&#8217; dedi.&#8221;<\/p>\n<!-- Error, Advert is not available at this time due to schedule\/geolocation restrictions! -->\n","protected":false},"excerpt":{"rendered":"<p>Ba\u015fbakan Recep Tayyip Erdo\u011fan Rize mitinginde yapt\u0131\u011f\u0131 konu\u015fmada CHP lideri Kemal K\u0131l\u0131\u00e7daro\u011flu&#8217;u bukalemuna benzetti.<\/p>\n","protected":false},"author":4,"featured_media":175089,"comment_status":"open","ping_status":"open","sticky":false,"template":"","format":"standard","meta":{"_acf_changed":false,"footnotes":""},"categories":[6155,5005,6202,349,6805],"tags":[3888,57250,5115],"class_list":["post-161910","post","type-post","status-publish","format-standard","has-post-thumbnail","hentry","category-gundem","category-manset","category-politika","category-son-dakika","category-turkiye","tag-basbakan-erdogan","tag-bukalemun","tag-kemal-kilicdaroglu"],"acf":[],"_links":{"self":[{"href":"https:\/\/www.nationalturk.com\/tr\/wp-json\/wp\/v2\/posts\/161910","targetHints":{"allow":["GET"]}}],"collection":[{"href":"https:\/\/www.nationalturk.com\/tr\/wp-json\/wp\/v2\/posts"}],"about":[{"href":"https:\/\/www.nationalturk.com\/tr\/wp-json\/wp\/v2\/types\/post"}],"author":[{"embeddable":true,"href":"https:\/\/www.nationalturk.com\/tr\/wp-json\/wp\/v2\/users\/4"}],"replies":[{"embeddable":true,"href":"https:\/\/www.nationalturk.com\/tr\/wp-json\/wp\/v2\/comments?post=161910"}],"version-history":[{"count":0,"href":"https:\/\/www.nationalturk.com\/tr\/wp-json\/wp\/v2\/posts\/161910\/revisions"}],"wp:featuredmedia":[{"embeddable":true,"href":"https:\/\/www.nationalturk.com\/tr\/wp-json\/wp\/v2\/media\/175089"}],"wp:attachment":[{"href":"https:\/\/www.nationalturk.com\/tr\/wp-json\/wp\/v2\/media?parent=161910"}],"wp:term":[{"taxonomy":"category","embeddable":true,"href":"https:\/\/www.nationalturk.com\/tr\/wp-json\/wp\/v2\/categories?post=161910"},{"taxonomy":"post_tag","embeddable":true,"href":"https:\/\/www.nationalturk.com\/tr\/wp-json\/wp\/v2\/tags?post=161910"}],"curies":[{"name":"wp","href":"https:\/\/api.w.org\/{rel}","templated":true}]}}