{"id":162209,"date":"2014-03-26T16:10:16","date_gmt":"2014-03-26T14:10:16","guid":{"rendered":"http:\/\/www.nationalturk.com\/?p=162209"},"modified":"2022-09-11T16:37:20","modified_gmt":"2022-09-11T13:37:20","slug":"kuzey-kore-fasizmi-abartti-butun-erkekler-saclarini-baskan-gibi-kestirecek-162209","status":"publish","type":"post","link":"https:\/\/www.nationalturk.com\/tr\/kuzey-kore-fasizmi-abartti-butun-erkekler-saclarini-baskan-gibi-kestirecek-162209\/","title":{"rendered":"Kuzey Kore fa\u015fizmi abartt\u0131! B\u00fct\u00fcn erkekler sa\u00e7lar\u0131n\u0131 Ba\u015fkan gibi kestirecek"},"content":{"rendered":"<p><img loading=\"lazy\" decoding=\"async\" class=\"alignnone size-large wp-image-162210\" alt=\"Kim Jon Un\" src=\"http:\/\/www.nationalturk.com\/tr\/wp-content\/uploads\/2014\/03\/kim_jong_un_sac-600x400.jpg\" width=\"600\" height=\"400\" title=\"\" srcset=\"https:\/\/www.nationalturk.com\/tr\/wp-content\/uploads\/2014\/03\/kim_jong_un_sac-600x400.jpg 600w, https:\/\/www.nationalturk.com\/tr\/wp-content\/uploads\/2014\/03\/kim_jong_un_sac-280x186.jpg 280w, https:\/\/www.nationalturk.com\/tr\/wp-content\/uploads\/2014\/03\/kim_jong_un_sac.jpg 1500w\" sizes=\"auto, (max-width: 600px) 100vw, 600px\" \/><\/p>\n<h1>Ka\u011f\u0131t \u00fcst\u00fcnde sosyalist sistemle y\u00f6netilen Kuzey Kore&#8217;de fa\u015fist uygulamalar abart\u0131ld\u0131. \u015eimdi de \u00fclkedeki t\u00fcm erkeklerin sa\u00e7lar\u0131n\u0131 Devlet Ba\u015fkan\u0131 Kim Jong Un gibi kestirmesi \u015fart ko\u015fuldu.<\/h1>\n<p><span style=\"line-height: 1.5em;\">Korea Times gazetesinde yer alan habere g\u00f6re Kuzey Kore&#8217;nin ba\u015fkenti Pyongyang&#8217;ta iki hafta \u00f6nce ba\u015flat\u0131lan uygulama \u00fclke geneline yay\u0131ld\u0131. Uygulamaya bir\u00e7ok Koreli&#8217;nin tepki g\u00f6sterdi\u011fi \u00f6\u011frenilirken\u00a0<\/span>\u00c7in&#8217;de ya\u015fayan bir Kuzey Koreli, &#8220;Halk\u0131m\u0131z, d\u00fc\u015f\u00fcncelerini dile getiremiyor ama sa\u00e7lar\u0131n\u0131, devletin istedi\u011fi bi\u00e7imde de kestirmek istemiyor. Kim&#8217;in farkl\u0131 bir sa\u00e7 kesimi var. Herkesin y\u00fcz ve kafa \u015fekline uymayabilir&#8221; dedi.<\/p>\n<p>Kuzey Kore&#8217;de sa\u00e7 kesimleri, uzun s\u00fcredir devlet taraf\u0131ndan belirleniyor. Kad\u0131nlar\u0131n 18 farkl\u0131 modelden, erkeklerin ise 10 sa\u00e7 bi\u00e7iminden se\u00e7im yapmalar\u0131na izin veriliyor.\u00a0Sa\u00e7 uzatmaya kar\u015f\u0131 kampanya y\u00fcr\u00fcten devlet televizyonu da halka &#8220;sa\u00e7lar\u0131n\u0131z\u0131 sosyalist ya\u015fam tarz\u0131na g\u00f6re kestirin&#8221; \u00e7a\u011fr\u0131s\u0131nda bulunuyor.<\/p>\n<p>Gen\u00e7 lider Kim Jong Un, babas\u0131 Kim Jong \u0130l&#8217;in 17 Aral\u0131k 2011&#8217;de kalp krizi sonucu ya\u015fam\u0131n\u0131 yitirmesinin ard\u0131ndan iktidara gelmi\u015fti.<\/p>\n<!-- Error, Advert is not available at this time due to schedule\/geolocation restrictions! -->\n","protected":false},"excerpt":{"rendered":"<p>Ka\u011f\u0131t \u00fcst\u00fcnde sosyalist sistemle y\u00f6netilen Kuzey Kore&#8217;de fa\u015fist uygulamalar abart\u0131ld\u0131. \u015eimdi de \u00fclkedeki t\u00fcm erkeklerin sa\u00e7lar\u0131n\u0131 Devlet Ba\u015fkan\u0131 Kim Jong Un gibi kestirmesi \u015fart ko\u015fuldu.<\/p>\n","protected":false},"author":4,"featured_media":175033,"comment_status":"open","ping_status":"open","sticky":false,"template":"","format":"standard","meta":{"_acf_changed":false,"footnotes":""},"categories":[6769,6665,6155,5005,6202,220816,6662],"tags":[7602,5622,148689],"class_list":["post-162209","post","type-post","status-publish","format-standard","has-post-thumbnail","hentry","category-asya","category-dunya","category-gundem","category-manset","category-politika","category-uzak-dogu","category-yasam","tag-kore","tag-kuzey-kore","tag-kuzey-kore-devlet-baskani"],"acf":[],"_links":{"self":[{"href":"https:\/\/www.nationalturk.com\/tr\/wp-json\/wp\/v2\/posts\/162209","targetHints":{"allow":["GET"]}}],"collection":[{"href":"https:\/\/www.nationalturk.com\/tr\/wp-json\/wp\/v2\/posts"}],"about":[{"href":"https:\/\/www.nationalturk.com\/tr\/wp-json\/wp\/v2\/types\/post"}],"author":[{"embeddable":true,"href":"https:\/\/www.nationalturk.com\/tr\/wp-json\/wp\/v2\/users\/4"}],"replies":[{"embeddable":true,"href":"https:\/\/www.nationalturk.com\/tr\/wp-json\/wp\/v2\/comments?post=162209"}],"version-history":[{"count":0,"href":"https:\/\/www.nationalturk.com\/tr\/wp-json\/wp\/v2\/posts\/162209\/revisions"}],"wp:featuredmedia":[{"embeddable":true,"href":"https:\/\/www.nationalturk.com\/tr\/wp-json\/wp\/v2\/media\/175033"}],"wp:attachment":[{"href":"https:\/\/www.nationalturk.com\/tr\/wp-json\/wp\/v2\/media?parent=162209"}],"wp:term":[{"taxonomy":"category","embeddable":true,"href":"https:\/\/www.nationalturk.com\/tr\/wp-json\/wp\/v2\/categories?post=162209"},{"taxonomy":"post_tag","embeddable":true,"href":"https:\/\/www.nationalturk.com\/tr\/wp-json\/wp\/v2\/tags?post=162209"}],"curies":[{"name":"wp","href":"https:\/\/api.w.org\/{rel}","templated":true}]}}